{"id":80964,"date":"2022-09-26T14:41:15","date_gmt":"2022-09-26T12:41:15","guid":{"rendered":"https:\/\/www.smartystore.it\/?p=80964"},"modified":"2022-09-26T14:41:15","modified_gmt":"2022-09-26T12:41:15","slug":"serie-quadra-per-un-arredamento-pratico-moderno-e-minimal","status":"publish","type":"post","link":"https:\/\/www.smartystore.it\/it\/serie-quadra-per-un-arredamento-pratico-moderno-e-minimal\/","title":{"rendered":"Serie quadra per un arredamento pratico, moderno e minimal"},"content":{"rendered":"<p><span style=\"font-weight: 400;\">La nostra nuovissima ed esclusiva serie prende il suo nome proprio dalla forma dei profili di alluminio utilizzati per le strutture e le basi di sostegno, entrambi appunto di forma quadrata.\u00a0<\/span><span style=\"font-weight: 400;\">Tutti gli espositori risultano d\u2019impatto nelle loro <strong>linee semplici e pulite<\/strong>. In questo modo potrai esporre messaggi di promozione o per indicare la direzione da seguire per raggiungere uffici e piani desiderati conferendo un <strong>tocco moderno e minimal<\/strong>, senza incorrere in elementi ingombranti o disordinati.<br \/>\n<\/span><span style=\"font-weight: 400;\">Il design semplice e pulito della linea Quadra conferisce ai nostri espositori uno stile che riesce a<strong> entrare in perfetta sintonia con ogni arredo<\/strong>. Un esempio di espositore di questa serie, pratico, funzionale e moderno \u00e8 il nuovo <strong>mini totem bifacciale autoportante con base quadrata<\/strong>. Scopriamo le sue caratteristiche, ideali per aggiungere un arredo unico al tuo negozio.\u00a0<\/span><\/p>\n<h2><span style=\"font-weight: 400;\">Mini totem bifacciale Linea Quadra Smartystore<\/span><\/h2>\n<p><span style=\"font-weight: 400;\">Il mini totem completo di stampa bifacciale a colori \u00e8 un espositore pubblicitario da terra che fa parte della SERIE QUADRA. Si compone di doppio montante a sezione quadra, una base verniciata a polveri color silver e pannello in forex.<br \/>\n<\/span><span style=\"font-weight: 400;\">Indicato per <strong>esporre messaggi di promozione<\/strong> o anche messaggi per<strong> indicare la direzione da seguire per raggiungere uffici e piani desiderati<\/strong>, il mini totem pu\u00f2 essere utilizzato in locali come showroom, supermercati, meeting, convegni, ingressi di aziende e in qualsiasi posto dove si ha la necessit\u00e0 di esporre il proprio messaggio.<\/span><\/p>\n<p><span style=\"font-weight: 400;\">Inoltre, \u00e8 possibile acquistare <strong>accessori<\/strong> <strong>opzionali<\/strong> come porta d\u00e9pliant per stampati A5 o A4 con divisorio removibile o come porta bigliettini da visita. La soluzione perfetta per le tue diverse necessit\u00e0!<\/span><\/p>\n<h3><span style=\"font-weight: 400;\">Vantaggi degli espositori pubblicitari serie Quadra<\/span><\/h3>\n<p><span style=\"font-weight: 400;\">Scegliendo la nostra linea innovativa e moderna per comunicare offerte e novit\u00e0 potrai aggiungere accessori come tasche porta cataloghi, porta biglietti da visita, pannelli stampati con marchio dell\u2019azienda, fino a pannelli pi\u00f9 grandi con grafica personalizzata fronte e retro.\u00a0<\/span><\/p>\n<p><span style=\"font-weight: 400;\">Tutti i nostri modelli sono molto pratici perch\u00e9 <strong>modulabili in base alle tue esigenze comunicative<\/strong>. In questo modo non potrai sbagliare!<\/span><\/p>\n<p><span style=\"font-weight: 400;\">Gli <strong>espositori pubblicitari serie Quadra<\/strong> vengono spediti gi\u00e0 semi-assemblati, tutti i montanti degli espositori pubblicitari, porta avvisi, espositori con cornici a scatto, portadepliant e pareti divisorie della nostra Serie Quadra hanno scanalature sui quattro lati che permettono una pi\u00f9 facile modularit\u00e0 e un pi\u00f9 alto livello di personalizzazione.<\/span><\/p>\n<p><span style=\"font-weight: 400;\">Noi di Smartystore.it desideriamo offrirti la <strong>migliori soluzioni per la tua comunicazione<\/strong>, per questo ti offriamo, anche, la possibilit\u00e0 di personalizzare al meglio ciascuno dei nostri espositori pubblicitari.<br \/>\n<\/span><span style=\"font-weight: 400;\">Attira pi\u00f9 clienti all\u2019interno della tua attivit\u00e0 e offri loro un\u2019esperienza totalmente immersiva. Visita il nostro store online per scoprire la nostra serie unica di espositori pubblicitari!<\/span><\/p>\n<div class=\"woocommerce columns-4 \"><ul class=\"products products-container grid has-ccols has-ccols-spacing ccols-xl-4 ccols-lg-3 ccols-md-3 ccols-sm-2 ccols-1 pwidth-lg-4 pwidth-md-3 pwidth-xs-2 pwidth-ls-1 is-shortcode\"\r\n\t data-product_layout=\"product-default\" role=\"none\">\r\n\r\n<li role=\"none\" class=\"product-col product-default product type-product post-79241 status-publish first instock product_cat-porta-depliant-porta-cataloghi-serie-quadra product_cat-porta-depliants-cataloghi product_cat-portadepliant-a-piantana product_cat-serie-quadra product_tag-espositore-per-cataloghi-a4 product_tag-espositore-per-depliant-a4 product_tag-espositore-porta-depliant-a4-a-piantana product_tag-espositore-porta-depliant-a4-da-terra product_tag-espositore-porta-volantini-a4-da-terra product_tag-espositore-portadepliant-con-tasche-a4 product_tag-porta-cataloghi-a4-a-pavimento product_tag-porta-depliant-a4-da-pavimento product_tag-portacataloghi-a4-da-terra has-post-thumbnail taxable shipping-taxable purchasable product-type-variable\">\r\n<div class=\"product-inner\">\r\n\t\r\n\t<div class=\"product-image\">\r\n\r\n\t\t<a  href=\"https:\/\/www.smartystore.it\/it\/prodotto\/espositore-portadepliant-con-tasche-a4\/\" aria-label=\"Go to product page\">\r\n\t\t\t<div class=\"inner img-effect\"><img loading=\"lazy\" decoding=\"async\" width=\"300\" height=\"300\" src=\"https:\/\/www.smartystore.it\/v25\/wp-content\/uploads\/2022\/05\/Espositore-portadepliant-e-portacataloghi-con-tasche-A4_monofacciale-bifacciale-300x300.jpg\" class=\"attachment-woocommerce_thumbnail size-woocommerce_thumbnail\" alt=\"Espositore portadepliant e portacataloghi con tasche A4 monofacciale bifacciale\" \/><img loading=\"lazy\" decoding=\"async\" width=\"300\" height=\"300\" src=\"https:\/\/www.smartystore.it\/v25\/wp-content\/uploads\/2022\/05\/Espositore-portadepliant-e-portacataloghi-con-tasche-A4_ambientato-monofacciale-bifacciale-300x300.jpg\" class=\"hover-image\" alt=\"Espositore portadepliant e portacataloghi con tasche A4 ambientato monofacciale bifacciale\" \/><\/div>\t\t<\/a>\r\n\t\t\t<\/div>\r\n\r\n\t<div class=\"product-content\">\r\n\t\t\r\n\t\t\t<a class=\"product-loop-title\"  href=\"https:\/\/www.smartystore.it\/it\/prodotto\/espositore-portadepliant-con-tasche-a4\/\">\r\n\t<h3 class=\"woocommerce-loop-product__title\">Espositore portadepliant con tasche A4<\/h3>\t<\/a>\r\n\t\r\n\t\t\r\n\r\n<div class=\"rating-wrap\">\r\n\t<div class=\"rating-content\"><div class=\"star-rating\" title=\"0\"><span style=\"width:0%\"><strong class=\"rating\">0<\/strong> Su 5<\/span><\/div><\/div>\r\n<\/div>\r\n\r\n\n\t<span class=\"price\"><span class=\"woocommerce-Price-amount amount\" aria-hidden=\"true\"><bdi><span class=\"woocommerce-Price-currencySymbol\">&euro;<\/span>89,00<\/bdi><\/span> <span aria-hidden=\"true\">-<\/span> <span class=\"woocommerce-Price-amount amount\" aria-hidden=\"true\"><bdi><span class=\"woocommerce-Price-currencySymbol\">&euro;<\/span>120,00<\/bdi><\/span><span class=\"screen-reader-text\">Fascia di prezzo: da &euro;89,00 a &euro;120,00<\/span> <small class=\"woocommerce-price-suffix\">+ IVA<\/small><\/span>\n\r\n\t\t<div class=\"add-links-wrap\">\r\n\t<div class=\"add-links clearfix\">\r\n\t\t<a href=\"https:\/\/www.smartystore.it\/it\/prodotto\/espositore-portadepliant-con-tasche-a4\/\" aria-describedby=\"woocommerce_loop_add_to_cart_link_describedby_79241\" data-quantity=\"1\" class=\"viewcart-style-3 button product_type_variable add_to_cart_button\" data-product_id=\"79241\" data-product_sku=\"SST-PCAA4\" aria-label=\"Scegli Opzioni per\" rel=\"nofollow\">Scegli opzioni<\/a>\t\t<span id=\"woocommerce_loop_add_to_cart_link_describedby_79241\" class=\"screen-reader-text\">\r\n\t\tQuesto prodotto ha pi\u00f9 varianti. Le opzioni possono essere scelte nella pagina del prodotto\t<\/span>\r\n\t\t\n<div\n\tclass=\"yith-wcwl-add-to-wishlist add-to-wishlist-79241 yith-wcwl-add-to-wishlist--link-style wishlist-fragment on-first-load\"\n\tdata-fragment-ref=\"79241\"\n\tdata-fragment-options=\"{&quot;base_url&quot;:&quot;&quot;,&quot;product_id&quot;:79241,&quot;parent_product_id&quot;:0,&quot;product_type&quot;:&quot;variable&quot;,&quot;is_single&quot;:false,&quot;in_default_wishlist&quot;:false,&quot;show_view&quot;:false,&quot;browse_wishlist_text&quot;:&quot;Vedi la lista&quot;,&quot;already_in_wishslist_text&quot;:&quot;Il prodotto \\u00e8 gi\\u00e0 nella tua lista!&quot;,&quot;product_added_text&quot;:&quot;Articolo aggiunto!&quot;,&quot;available_multi_wishlist&quot;:false,&quot;disable_wishlist&quot;:false,&quot;show_count&quot;:false,&quot;ajax_loading&quot;:false,&quot;loop_position&quot;:&quot;after_add_to_cart&quot;,&quot;item&quot;:&quot;add_to_wishlist&quot;}\"\n>\n\t\t\t\n\t\t\t<!-- ADD TO WISHLIST -->\n\t\t\t\n<div class=\"yith-wcwl-add-button\">\n\t\t<a\n\t\thref=\"?add_to_wishlist=79241&#038;_wpnonce=1744b9d9df\"\n\t\tclass=\"add_to_wishlist single_add_to_wishlist\"\n\t\tdata-product-id=\"79241\"\n\t\tdata-product-type=\"variable\"\n\t\tdata-original-product-id=\"0\"\n\t\tdata-title=\"Aggiungi ai preferiti\"\n\t\trel=\"nofollow\"\n\t>\n\t\t<svg id=\"yith-wcwl-icon-heart-outline\" class=\"yith-wcwl-icon-svg\" fill=\"none\" stroke-width=\"1.5\" stroke=\"currentColor\" viewBox=\"0 0 24 24\" xmlns=\"http:\/\/www.w3.org\/2000\/svg\">\n  <path stroke-linecap=\"round\" stroke-linejoin=\"round\" d=\"M21 8.25c0-2.485-2.099-4.5-4.688-4.5-1.935 0-3.597 1.126-4.312 2.733-.715-1.607-2.377-2.733-4.313-2.733C5.1 3.75 3 5.765 3 8.25c0 7.22 9 12 9 12s9-4.78 9-12Z\"><\/path>\n<\/svg>\t\t<span>Aggiungi ai preferiti<\/span>\n\t<\/a>\n<\/div>\n\n\t\t\t<!-- COUNT TEXT -->\n\t\t\t\n\t\t\t<\/div>\n\t<\/div>\r\n\t<\/div>\r\n<span class=\"gtm4wp_productdata\" style=\"display:none; visibility:hidden;\" data-gtm4wp_product_data=\"{&quot;internal_id&quot;:79241,&quot;item_id&quot;:79241,&quot;item_name&quot;:&quot;Espositore portadepliant con tasche A4&quot;,&quot;sku&quot;:&quot;SST-PCAA4&quot;,&quot;price&quot;:89,&quot;stocklevel&quot;:null,&quot;stockstatus&quot;:&quot;instock&quot;,&quot;google_business_vertical&quot;:&quot;retail&quot;,&quot;item_category&quot;:&quot;Serie Quadra&quot;,&quot;id&quot;:79241,&quot;productlink&quot;:&quot;https:\\\/\\\/www.smartystore.it\\\/it\\\/prodotto\\\/espositore-portadepliant-con-tasche-a4\\\/&quot;,&quot;item_list_name&quot;:&quot;General Product List&quot;,&quot;index&quot;:1,&quot;product_type&quot;:&quot;variable&quot;,&quot;item_brand&quot;:&quot;&quot;}\"><\/span>\t<\/div>\r\n<\/div>\r\n\r\n<\/li>\r\n\r\n<li role=\"none\" class=\"product-col product-default product type-product post-80847 status-publish instock product_cat-mini-totem product_cat-serie-quadra product_cat-totem-serie-quadra product_cat-totem-da-interno product_cat-totem-pubblicitari-informativi product_tag-espositore-bifacciale product_tag-mini-totem product_tag-mini-totem-30x100 product_tag-mini-totem-bifacciale product_tag-totem-30x100-bifacciale product_tag-totem-compatto-30x100 product_tag-totem-con-stampa-inclusa product_tag-totem-flat-bifacciale-30x100 product_tag-totem-mini-bifacciale product_tag-totem-piatto-30x100 product_tag-totem-piatto-30x100-con-stampa-bifacciale has-post-thumbnail taxable shipping-taxable purchasable product-type-variable\">\r\n<div class=\"product-inner\">\r\n\t\r\n\t<div class=\"product-image\">\r\n\r\n\t\t<a  href=\"https:\/\/www.smartystore.it\/it\/prodotto\/mini-totem-30x100-completo-di-stampa\/\" aria-label=\"Go to product page\">\r\n\t\t\t<div class=\"inner img-effect\"><img loading=\"lazy\" decoding=\"async\" width=\"300\" height=\"300\" src=\"https:\/\/www.smartystore.it\/v25\/wp-content\/uploads\/2022\/09\/Mini-totem-flat-30x100-completo-di-stampa-bifacciale-a-colori-disponibile-con-struttura-nera-e-silver-300x300.jpg\" class=\"attachment-woocommerce_thumbnail size-woocommerce_thumbnail\" alt=\"Mini totem flat 30x100 completo di stampa bifacciale a colori disponibile con struttura nera e silver\" \/><img loading=\"lazy\" decoding=\"async\" width=\"300\" height=\"300\" src=\"https:\/\/www.smartystore.it\/v25\/wp-content\/uploads\/2022\/09\/Mini-totem-flat-30x100-completo-di-stampa-bifacciale-a-colori_vista-frontale-300x300.jpg\" class=\"hover-image\" alt=\"Mini totem flat 30x100 completo di stampa bifacciale a colori vista frontale\" \/><\/div>\t\t<\/a>\r\n\t\t\t<\/div>\r\n\r\n\t<div class=\"product-content\">\r\n\t\t\r\n\t\t\t<a class=\"product-loop-title\"  href=\"https:\/\/www.smartystore.it\/it\/prodotto\/mini-totem-30x100-completo-di-stampa\/\">\r\n\t<h3 class=\"woocommerce-loop-product__title\">Mini totem 30&#215;100 COMPLETO DI STAMPA<\/h3>\t<\/a>\r\n\t\r\n\t\t\r\n\r\n<div class=\"rating-wrap\">\r\n\t<div class=\"rating-content\"><div class=\"star-rating\" title=\"0\"><span style=\"width:0%\"><strong class=\"rating\">0<\/strong> Su 5<\/span><\/div><\/div>\r\n<\/div>\r\n\r\n\n\t<span class=\"price\"><span class=\"woocommerce-Price-amount amount\" aria-hidden=\"true\"><bdi><span class=\"woocommerce-Price-currencySymbol\">&euro;<\/span>104,00<\/bdi><\/span> <span aria-hidden=\"true\">-<\/span> <span class=\"woocommerce-Price-amount amount\" aria-hidden=\"true\"><bdi><span class=\"woocommerce-Price-currencySymbol\">&euro;<\/span>145,00<\/bdi><\/span><span class=\"screen-reader-text\">Fascia di prezzo: da &euro;104,00 a &euro;145,00<\/span> <small class=\"woocommerce-price-suffix\">+ IVA<\/small><\/span>\n\r\n\t\t<div class=\"add-links-wrap\">\r\n\t<div class=\"add-links clearfix\">\r\n\t\t<a href=\"https:\/\/www.smartystore.it\/it\/prodotto\/mini-totem-30x100-completo-di-stampa\/\" aria-describedby=\"woocommerce_loop_add_to_cart_link_describedby_80847\" data-quantity=\"1\" class=\"viewcart-style-3 button product_type_variable add_to_cart_button\" data-product_id=\"80847\" data-product_sku=\"SST-TMN100\" aria-label=\"Scegli Opzioni per\" rel=\"nofollow\">Scegli opzioni<\/a>\t\t<span id=\"woocommerce_loop_add_to_cart_link_describedby_80847\" class=\"screen-reader-text\">\r\n\t\tQuesto prodotto ha pi\u00f9 varianti. Le opzioni possono essere scelte nella pagina del prodotto\t<\/span>\r\n\t\t\n<div\n\tclass=\"yith-wcwl-add-to-wishlist add-to-wishlist-80847 yith-wcwl-add-to-wishlist--link-style wishlist-fragment on-first-load\"\n\tdata-fragment-ref=\"80847\"\n\tdata-fragment-options=\"{&quot;base_url&quot;:&quot;&quot;,&quot;product_id&quot;:80847,&quot;parent_product_id&quot;:0,&quot;product_type&quot;:&quot;variable&quot;,&quot;is_single&quot;:false,&quot;in_default_wishlist&quot;:false,&quot;show_view&quot;:false,&quot;browse_wishlist_text&quot;:&quot;Vedi la lista&quot;,&quot;already_in_wishslist_text&quot;:&quot;Il prodotto \\u00e8 gi\\u00e0 nella tua lista!&quot;,&quot;product_added_text&quot;:&quot;Articolo aggiunto!&quot;,&quot;available_multi_wishlist&quot;:false,&quot;disable_wishlist&quot;:false,&quot;show_count&quot;:false,&quot;ajax_loading&quot;:false,&quot;loop_position&quot;:&quot;after_add_to_cart&quot;,&quot;item&quot;:&quot;add_to_wishlist&quot;}\"\n>\n\t\t\t\n\t\t\t<!-- ADD TO WISHLIST -->\n\t\t\t\n<div class=\"yith-wcwl-add-button\">\n\t\t<a\n\t\thref=\"?add_to_wishlist=80847&#038;_wpnonce=1744b9d9df\"\n\t\tclass=\"add_to_wishlist single_add_to_wishlist\"\n\t\tdata-product-id=\"80847\"\n\t\tdata-product-type=\"variable\"\n\t\tdata-original-product-id=\"0\"\n\t\tdata-title=\"Aggiungi ai preferiti\"\n\t\trel=\"nofollow\"\n\t>\n\t\t<svg id=\"yith-wcwl-icon-heart-outline\" class=\"yith-wcwl-icon-svg\" fill=\"none\" stroke-width=\"1.5\" stroke=\"currentColor\" viewBox=\"0 0 24 24\" xmlns=\"http:\/\/www.w3.org\/2000\/svg\">\n  <path stroke-linecap=\"round\" stroke-linejoin=\"round\" d=\"M21 8.25c0-2.485-2.099-4.5-4.688-4.5-1.935 0-3.597 1.126-4.312 2.733-.715-1.607-2.377-2.733-4.313-2.733C5.1 3.75 3 5.765 3 8.25c0 7.22 9 12 9 12s9-4.78 9-12Z\"><\/path>\n<\/svg>\t\t<span>Aggiungi ai preferiti<\/span>\n\t<\/a>\n<\/div>\n\n\t\t\t<!-- COUNT TEXT -->\n\t\t\t\n\t\t\t<\/div>\n\t<\/div>\r\n\t<\/div>\r\n<span class=\"gtm4wp_productdata\" style=\"display:none; visibility:hidden;\" data-gtm4wp_product_data=\"{&quot;internal_id&quot;:80847,&quot;item_id&quot;:80847,&quot;item_name&quot;:&quot;Mini totem 30x100 COMPLETO DI STAMPA&quot;,&quot;sku&quot;:&quot;SST-TMN100&quot;,&quot;price&quot;:104,&quot;stocklevel&quot;:null,&quot;stockstatus&quot;:&quot;instock&quot;,&quot;google_business_vertical&quot;:&quot;retail&quot;,&quot;item_category&quot;:&quot;TOTEMS PUBBLICITARI-INFORMATIVI&quot;,&quot;id&quot;:80847,&quot;productlink&quot;:&quot;https:\\\/\\\/www.smartystore.it\\\/it\\\/prodotto\\\/mini-totem-30x100-completo-di-stampa\\\/&quot;,&quot;item_list_name&quot;:&quot;General Product List&quot;,&quot;index&quot;:2,&quot;product_type&quot;:&quot;variable&quot;,&quot;item_brand&quot;:&quot;&quot;}\"><\/span>\t<\/div>\r\n<\/div>\r\n\r\n<\/li>\r\n\r\n<li role=\"none\" class=\"product-col product-default product type-product post-79500 status-publish instock product_cat-cornici-a-scatto product_cat-cornici-autoportanti-e-a-leggio product_cat-espositori-con-cornici-a-scatto-per-poster product_cat-serie-quadra product_tag-espositore-autoportante-con-doppia-cornice-a-scatto-50x70 product_tag-espositore-con-doppia-cornice-a-scatto-50x70 product_tag-espositore-con-doppia-cornice-a-scatto-bifacciale-50x70 product_tag-espositore-da-vetrina-con-doppia-cornice-50x70 product_tag-espositore-porta-messaggi-50x70 product_tag-porta-messaggi-autoportante-con-cornice-a-scatto-50x70 product_tag-porta-poster-a-piantana-50x70 product_tag-totem-espositore-con-doppia-cornice-a-scatto-50x70 has-post-thumbnail taxable shipping-taxable purchasable product-type-variable\">\r\n<div class=\"product-inner\">\r\n\t\r\n\t<div class=\"product-image\">\r\n\r\n\t\t<a  href=\"https:\/\/www.smartystore.it\/it\/prodotto\/espositore-con-doppia-cornice-a-scatto-50x70\/\" aria-label=\"Go to product page\">\r\n\t\t\t<div class=\"inner img-effect\"><img loading=\"lazy\" decoding=\"async\" width=\"300\" height=\"300\" src=\"https:\/\/www.smartystore.it\/v25\/wp-content\/uploads\/2022\/05\/Cornice-a-scatto-autoportante-doppia-50x70-monofacciale-bifacciale-verticale-angolo-vivo-tondo-con-un-montante-300x300.jpg\" class=\"attachment-woocommerce_thumbnail size-woocommerce_thumbnail\" alt=\"Cornice a scatto autoportante doppia 50x70 monofacciale bifacciale verticale angolo vivo tondo con un montante\" \/><img loading=\"lazy\" decoding=\"async\" width=\"300\" height=\"300\" src=\"https:\/\/www.smartystore.it\/v25\/wp-content\/uploads\/2022\/05\/Cornice-a-scatto-autoportante-doppia-50x70-monofacciale-bifacciale-verticale-angolo-vivo-tondo-con-un-montante_ambientata-300x300.jpg\" class=\"hover-image\" alt=\"Cornice a scatto autoportante doppia 50x70 monofacciale bifacciale verticale angolo vivo tondo con un montante ambientata\" \/><\/div>\t\t<\/a>\r\n\t\t\t<\/div>\r\n\r\n\t<div class=\"product-content\">\r\n\t\t\r\n\t\t\t<a class=\"product-loop-title\"  href=\"https:\/\/www.smartystore.it\/it\/prodotto\/espositore-con-doppia-cornice-a-scatto-50x70\/\">\r\n\t<h3 class=\"woocommerce-loop-product__title\">Espositore con doppia cornice a scatto 50&#215;70<\/h3>\t<\/a>\r\n\t\r\n\t\t\r\n\r\n<div class=\"rating-wrap\">\r\n\t<div class=\"rating-content\"><div class=\"star-rating\" title=\"5.00\"><span style=\"width:100%\"><strong class=\"rating\">5.00<\/strong> Su 5<\/span><\/div><\/div>\r\n<\/div>\r\n\r\n\n\t<span class=\"price\"><span class=\"woocommerce-Price-amount amount\" aria-hidden=\"true\"><bdi><span class=\"woocommerce-Price-currencySymbol\">&euro;<\/span>126,00<\/bdi><\/span> <span aria-hidden=\"true\">-<\/span> <span class=\"woocommerce-Price-amount amount\" aria-hidden=\"true\"><bdi><span class=\"woocommerce-Price-currencySymbol\">&euro;<\/span>172,00<\/bdi><\/span><span class=\"screen-reader-text\">Fascia di prezzo: da &euro;126,00 a &euro;172,00<\/span> <small class=\"woocommerce-price-suffix\">+ IVA<\/small><\/span>\n\r\n\t\t<div class=\"add-links-wrap\">\r\n\t<div class=\"add-links clearfix\">\r\n\t\t<a href=\"https:\/\/www.smartystore.it\/it\/prodotto\/espositore-con-doppia-cornice-a-scatto-50x70\/\" aria-describedby=\"woocommerce_loop_add_to_cart_link_describedby_79500\" data-quantity=\"1\" class=\"viewcart-style-3 button product_type_variable add_to_cart_button\" data-product_id=\"79500\" data-product_sku=\"SST-PMAS5070D\" aria-label=\"Scegli Opzioni per\" rel=\"nofollow\">Scegli opzioni<\/a>\t\t<span id=\"woocommerce_loop_add_to_cart_link_describedby_79500\" class=\"screen-reader-text\">\r\n\t\tQuesto prodotto ha pi\u00f9 varianti. Le opzioni possono essere scelte nella pagina del prodotto\t<\/span>\r\n\t\t\n<div\n\tclass=\"yith-wcwl-add-to-wishlist add-to-wishlist-79500 yith-wcwl-add-to-wishlist--link-style wishlist-fragment on-first-load\"\n\tdata-fragment-ref=\"79500\"\n\tdata-fragment-options=\"{&quot;base_url&quot;:&quot;&quot;,&quot;product_id&quot;:79500,&quot;parent_product_id&quot;:0,&quot;product_type&quot;:&quot;variable&quot;,&quot;is_single&quot;:false,&quot;in_default_wishlist&quot;:false,&quot;show_view&quot;:false,&quot;browse_wishlist_text&quot;:&quot;Vedi la lista&quot;,&quot;already_in_wishslist_text&quot;:&quot;Il prodotto \\u00e8 gi\\u00e0 nella tua lista!&quot;,&quot;product_added_text&quot;:&quot;Articolo aggiunto!&quot;,&quot;available_multi_wishlist&quot;:false,&quot;disable_wishlist&quot;:false,&quot;show_count&quot;:false,&quot;ajax_loading&quot;:false,&quot;loop_position&quot;:&quot;after_add_to_cart&quot;,&quot;item&quot;:&quot;add_to_wishlist&quot;}\"\n>\n\t\t\t\n\t\t\t<!-- ADD TO WISHLIST -->\n\t\t\t\n<div class=\"yith-wcwl-add-button\">\n\t\t<a\n\t\thref=\"?add_to_wishlist=79500&#038;_wpnonce=1744b9d9df\"\n\t\tclass=\"add_to_wishlist single_add_to_wishlist\"\n\t\tdata-product-id=\"79500\"\n\t\tdata-product-type=\"variable\"\n\t\tdata-original-product-id=\"0\"\n\t\tdata-title=\"Aggiungi ai preferiti\"\n\t\trel=\"nofollow\"\n\t>\n\t\t<svg id=\"yith-wcwl-icon-heart-outline\" class=\"yith-wcwl-icon-svg\" fill=\"none\" stroke-width=\"1.5\" stroke=\"currentColor\" viewBox=\"0 0 24 24\" xmlns=\"http:\/\/www.w3.org\/2000\/svg\">\n  <path stroke-linecap=\"round\" stroke-linejoin=\"round\" d=\"M21 8.25c0-2.485-2.099-4.5-4.688-4.5-1.935 0-3.597 1.126-4.312 2.733-.715-1.607-2.377-2.733-4.313-2.733C5.1 3.75 3 5.765 3 8.25c0 7.22 9 12 9 12s9-4.78 9-12Z\"><\/path>\n<\/svg>\t\t<span>Aggiungi ai preferiti<\/span>\n\t<\/a>\n<\/div>\n\n\t\t\t<!-- COUNT TEXT -->\n\t\t\t\n\t\t\t<\/div>\n\t<\/div>\r\n\t<\/div>\r\n<span class=\"gtm4wp_productdata\" style=\"display:none; visibility:hidden;\" data-gtm4wp_product_data=\"{&quot;internal_id&quot;:79500,&quot;item_id&quot;:79500,&quot;item_name&quot;:&quot;Espositore con doppia cornice a scatto 50x70&quot;,&quot;sku&quot;:&quot;SST-PMAS5070D&quot;,&quot;price&quot;:126,&quot;stocklevel&quot;:998,&quot;stockstatus&quot;:&quot;instock&quot;,&quot;google_business_vertical&quot;:&quot;retail&quot;,&quot;item_category&quot;:&quot;CORNICI A SCATTO&quot;,&quot;id&quot;:79500,&quot;productlink&quot;:&quot;https:\\\/\\\/www.smartystore.it\\\/it\\\/prodotto\\\/espositore-con-doppia-cornice-a-scatto-50x70\\\/&quot;,&quot;item_list_name&quot;:&quot;General Product List&quot;,&quot;index&quot;:3,&quot;product_type&quot;:&quot;variable&quot;,&quot;item_brand&quot;:&quot;&quot;}\"><\/span>\t<\/div>\r\n<\/div>\r\n\r\n<\/li>\r\n\r\n<li role=\"none\" class=\"product-col product-default product type-product post-76728 status-publish last instock product_cat-espositori-pubblicitari-1 product_cat-porta-depliant-porta-cataloghi-serie-quadra product_cat-porta-depliants-cataloghi product_cat-portadepliant-a-piantana product_cat-serie-quadra product_tag-espositore-da-terra-per-cataloghi-a4 product_tag-espositore-porta-depliant-a4-monofacciale-espositore-porta-depliant-a4-bifacciale product_tag-espositore-porta-depliant-a4-personalizzato product_tag-porta-cataloghi-con-piantana-per-formati-a4 product_tag-porta-cataloghi-da-terra-a4 product_tag-porta-depliant-a4-da-pavimento-configurabile product_tag-portacataloghi-da-pavimento-a4 has-post-thumbnail taxable shipping-taxable purchasable product-type-variable\">\r\n<div class=\"product-inner\">\r\n\t\r\n\t<div class=\"product-image\">\r\n\r\n\t\t<a  href=\"https:\/\/www.smartystore.it\/it\/prodotto\/espositore-portadepliant-configurabile-con-tasche-a4\/\" aria-label=\"Go to product page\">\r\n\t\t\t<div class=\"inner img-effect\"><img loading=\"lazy\" decoding=\"async\" width=\"300\" height=\"300\" src=\"https:\/\/www.smartystore.it\/v25\/wp-content\/uploads\/2022\/01\/Espositore-pubblicitario-da-terra-con-tasche-portadepliant-A4-con-divisorio-1-3-A4-pannello-dibond-monofacciale-bifacciale-1-300x300.jpg\" class=\"attachment-woocommerce_thumbnail size-woocommerce_thumbnail\" alt=\"Espositore pubblicitario da terra con tasche portadepliant A4 con divisorio 1 3 A4 pannello dibond monofacciale bifacciale 1\" \/><img loading=\"lazy\" decoding=\"async\" width=\"300\" height=\"300\" src=\"https:\/\/www.smartystore.it\/v25\/wp-content\/uploads\/2022\/01\/Espositore-pubblicitario-con-tasche-portadepliant-A4-e-divisorio-1-3-A4-da-terra-ambientato2-300x300.jpg\" class=\"hover-image\" alt=\"Espositore pubblicitario con tasche portadepliant A4 e divisorio 1 3 A4 da terra ambientato2\" \/><\/div>\t\t<\/a>\r\n\t\t\t<\/div>\r\n\r\n\t<div class=\"product-content\">\r\n\t\t\r\n\t\t\t<a class=\"product-loop-title\"  href=\"https:\/\/www.smartystore.it\/it\/prodotto\/espositore-portadepliant-configurabile-con-tasche-a4\/\">\r\n\t<h3 class=\"woocommerce-loop-product__title\">Espositore portadepliant configurabile con tasche A4<\/h3>\t<\/a>\r\n\t\r\n\t\t\r\n\r\n<div class=\"rating-wrap\">\r\n\t<div class=\"rating-content\"><div class=\"star-rating\" title=\"0\"><span style=\"width:0%\"><strong class=\"rating\">0<\/strong> Su 5<\/span><\/div><\/div>\r\n<\/div>\r\n\r\n\n\t<span class=\"price\"><span class=\"woocommerce-Price-amount amount\" aria-hidden=\"true\"><bdi><span class=\"woocommerce-Price-currencySymbol\">&euro;<\/span>132,00<\/bdi><\/span> <span aria-hidden=\"true\">-<\/span> <span class=\"woocommerce-Price-amount amount\" aria-hidden=\"true\"><bdi><span class=\"woocommerce-Price-currencySymbol\">&euro;<\/span>239,00<\/bdi><\/span><span class=\"screen-reader-text\">Fascia di prezzo: da &euro;132,00 a &euro;239,00<\/span> <small class=\"woocommerce-price-suffix\">+ IVA<\/small><\/span>\n\r\n\t\t<div class=\"add-links-wrap\">\r\n\t<div class=\"add-links clearfix\">\r\n\t\t<a href=\"https:\/\/www.smartystore.it\/it\/prodotto\/espositore-portadepliant-configurabile-con-tasche-a4\/\" aria-describedby=\"woocommerce_loop_add_to_cart_link_describedby_76728\" data-quantity=\"1\" class=\"viewcart-style-3 button product_type_variable add_to_cart_button\" data-product_id=\"76728\" data-product_sku=\"SST-CRXA4M\" aria-label=\"Scegli Opzioni per\" rel=\"nofollow\">Scegli opzioni<\/a>\t\t<span id=\"woocommerce_loop_add_to_cart_link_describedby_76728\" class=\"screen-reader-text\">\r\n\t\tQuesto prodotto ha pi\u00f9 varianti. Le opzioni possono essere scelte nella pagina del prodotto\t<\/span>\r\n\t\t\n<div\n\tclass=\"yith-wcwl-add-to-wishlist add-to-wishlist-76728 yith-wcwl-add-to-wishlist--link-style wishlist-fragment on-first-load\"\n\tdata-fragment-ref=\"76728\"\n\tdata-fragment-options=\"{&quot;base_url&quot;:&quot;&quot;,&quot;product_id&quot;:76728,&quot;parent_product_id&quot;:0,&quot;product_type&quot;:&quot;variable&quot;,&quot;is_single&quot;:false,&quot;in_default_wishlist&quot;:false,&quot;show_view&quot;:false,&quot;browse_wishlist_text&quot;:&quot;Vedi la lista&quot;,&quot;already_in_wishslist_text&quot;:&quot;Il prodotto \\u00e8 gi\\u00e0 nella tua lista!&quot;,&quot;product_added_text&quot;:&quot;Articolo aggiunto!&quot;,&quot;available_multi_wishlist&quot;:false,&quot;disable_wishlist&quot;:false,&quot;show_count&quot;:false,&quot;ajax_loading&quot;:false,&quot;loop_position&quot;:&quot;after_add_to_cart&quot;,&quot;item&quot;:&quot;add_to_wishlist&quot;}\"\n>\n\t\t\t\n\t\t\t<!-- ADD TO WISHLIST -->\n\t\t\t\n<div class=\"yith-wcwl-add-button\">\n\t\t<a\n\t\thref=\"?add_to_wishlist=76728&#038;_wpnonce=1744b9d9df\"\n\t\tclass=\"add_to_wishlist single_add_to_wishlist\"\n\t\tdata-product-id=\"76728\"\n\t\tdata-product-type=\"variable\"\n\t\tdata-original-product-id=\"0\"\n\t\tdata-title=\"Aggiungi ai preferiti\"\n\t\trel=\"nofollow\"\n\t>\n\t\t<svg id=\"yith-wcwl-icon-heart-outline\" class=\"yith-wcwl-icon-svg\" fill=\"none\" stroke-width=\"1.5\" stroke=\"currentColor\" viewBox=\"0 0 24 24\" xmlns=\"http:\/\/www.w3.org\/2000\/svg\">\n  <path stroke-linecap=\"round\" stroke-linejoin=\"round\" d=\"M21 8.25c0-2.485-2.099-4.5-4.688-4.5-1.935 0-3.597 1.126-4.312 2.733-.715-1.607-2.377-2.733-4.313-2.733C5.1 3.75 3 5.765 3 8.25c0 7.22 9 12 9 12s9-4.78 9-12Z\"><\/path>\n<\/svg>\t\t<span>Aggiungi ai preferiti<\/span>\n\t<\/a>\n<\/div>\n\n\t\t\t<!-- COUNT TEXT -->\n\t\t\t\n\t\t\t<\/div>\n\t<\/div>\r\n\t<\/div>\r\n<span class=\"gtm4wp_productdata\" style=\"display:none; visibility:hidden;\" data-gtm4wp_product_data=\"{&quot;internal_id&quot;:76728,&quot;item_id&quot;:76728,&quot;item_name&quot;:&quot;Espositore portadepliant configurabile con tasche A4&quot;,&quot;sku&quot;:&quot;SST-CRXA4M&quot;,&quot;price&quot;:132,&quot;stocklevel&quot;:null,&quot;stockstatus&quot;:&quot;instock&quot;,&quot;google_business_vertical&quot;:&quot;retail&quot;,&quot;item_category&quot;:&quot;Porta Depliant &quot;,&quot;item_category2&quot;:&quot; Porta cataloghi&quot;,&quot;id&quot;:76728,&quot;productlink&quot;:&quot;https:\\\/\\\/www.smartystore.it\\\/it\\\/prodotto\\\/espositore-portadepliant-configurabile-con-tasche-a4\\\/&quot;,&quot;item_list_name&quot;:&quot;General Product List&quot;,&quot;index&quot;:4,&quot;product_type&quot;:&quot;variable&quot;,&quot;item_brand&quot;:&quot;&quot;}\"><\/span>\t<\/div>\r\n<\/div>\r\n\r\n<\/li>\r\n<\/ul>\r\n<\/div>\n","protected":false},"excerpt":{"rendered":"<p>La nostra nuovissima ed esclusiva serie prende il suo nome proprio dalla forma dei profili di alluminio utilizzati per le strutture e le basi di sostegno, entrambi appunto di forma quadrata.\u00a0Tutti gli espositori risultano d\u2019impatto nelle loro linee semplici e pulite. In questo modo potrai esporre messaggi di promozione o per indicare la direzione da [&hellip;]<\/p>\n","protected":false},"author":13509,"featured_media":80965,"comment_status":"closed","ping_status":"closed","sticky":false,"template":"","format":"standard","meta":{"_acf_changed":false,"footnotes":""},"categories":[2733],"tags":[],"class_list":["post-80964","post","type-post","status-publish","format-standard","has-post-thumbnail","hentry","category-totem"],"featured_image_src":{"landsacpe":["https:\/\/www.smartystore.it\/v25\/wp-content\/uploads\/2022\/09\/Mini-totem.jpg",464,349,false],"list":["https:\/\/www.smartystore.it\/v25\/wp-content\/uploads\/2022\/09\/Mini-totem.jpg",463,348,false],"medium":["https:\/\/www.smartystore.it\/v25\/wp-content\/uploads\/2022\/09\/Mini-totem-300x226.jpg",300,226,true],"full":["https:\/\/www.smartystore.it\/v25\/wp-content\/uploads\/2022\/09\/Mini-totem.jpg",464,349,false]},"acf":[],"yoast_head":"<!-- This site is optimized with the Yoast SEO plugin v27.4 - https:\/\/yoast.com\/product\/yoast-seo-wordpress\/ -->\n<title>Serie quadra per un arredamento pratico, moderno e minimal - Smarty Store<\/title>\n<meta name=\"description\" content=\"Il design semplice e pulito della linea Quadra conferisce ai nostri espositori uno stile che entra in perfetta sintonia con ogni arredo.\" \/>\n<meta name=\"robots\" content=\"index, follow, max-snippet:-1, max-image-preview:large, max-video-preview:-1\" \/>\n<link rel=\"canonical\" href=\"https:\/\/www.smartystore.it\/it\/serie-quadra-per-un-arredamento-pratico-moderno-e-minimal\/\" \/>\n<meta property=\"og:locale\" content=\"it_IT\" \/>\n<meta property=\"og:type\" content=\"article\" \/>\n<meta property=\"og:title\" content=\"Serie quadra per un arredamento pratico, moderno e minimal - Smarty Store\" \/>\n<meta property=\"og:description\" content=\"Il design semplice e pulito della linea Quadra conferisce ai nostri espositori uno stile che entra in perfetta sintonia con ogni arredo.\" \/>\n<meta property=\"og:url\" content=\"https:\/\/www.smartystore.it\/it\/serie-quadra-per-un-arredamento-pratico-moderno-e-minimal\/\" \/>\n<meta property=\"og:site_name\" content=\"Smarty Store\" \/>\n<meta property=\"article:published_time\" content=\"2022-09-26T12:41:15+00:00\" \/>\n<meta property=\"og:image\" content=\"https:\/\/www.smartystore.it\/v25\/wp-content\/uploads\/2022\/09\/Mini-totem.jpg\" \/>\n\t<meta property=\"og:image:width\" content=\"464\" \/>\n\t<meta property=\"og:image:height\" content=\"349\" \/>\n\t<meta property=\"og:image:type\" content=\"image\/jpeg\" \/>\n<meta name=\"author\" content=\"adnap\" \/>\n<meta name=\"twitter:card\" content=\"summary_large_image\" \/>\n<meta name=\"twitter:label1\" content=\"Scritto da\" \/>\n\t<meta name=\"twitter:data1\" content=\"adnap\" \/>\n\t<meta name=\"twitter:label2\" content=\"Tempo di lettura stimato\" \/>\n\t<meta name=\"twitter:data2\" content=\"3 minuti\" \/>\n<script type=\"application\/ld+json\" class=\"yoast-schema-graph\">{\"@context\":\"https:\\\/\\\/schema.org\",\"@graph\":[{\"@type\":\"Article\",\"@id\":\"https:\\\/\\\/www.smartystore.it\\\/it\\\/serie-quadra-per-un-arredamento-pratico-moderno-e-minimal\\\/#article\",\"isPartOf\":{\"@id\":\"https:\\\/\\\/www.smartystore.it\\\/it\\\/serie-quadra-per-un-arredamento-pratico-moderno-e-minimal\\\/\"},\"author\":{\"name\":\"adnap\",\"@id\":\"https:\\\/\\\/www.smartystore.it\\\/it\\\/#\\\/schema\\\/person\\\/0b842877355cfd3c33199511542a6c74\"},\"headline\":\"Serie quadra per un arredamento pratico, moderno e minimal\",\"datePublished\":\"2022-09-26T12:41:15+00:00\",\"mainEntityOfPage\":{\"@id\":\"https:\\\/\\\/www.smartystore.it\\\/it\\\/serie-quadra-per-un-arredamento-pratico-moderno-e-minimal\\\/\"},\"wordCount\":445,\"image\":{\"@id\":\"https:\\\/\\\/www.smartystore.it\\\/it\\\/serie-quadra-per-un-arredamento-pratico-moderno-e-minimal\\\/#primaryimage\"},\"thumbnailUrl\":\"https:\\\/\\\/www.smartystore.it\\\/v25\\\/wp-content\\\/uploads\\\/2022\\\/09\\\/Mini-totem.jpg\",\"articleSection\":[\"Totem\"],\"inLanguage\":\"it-IT\"},{\"@type\":\"WebPage\",\"@id\":\"https:\\\/\\\/www.smartystore.it\\\/it\\\/serie-quadra-per-un-arredamento-pratico-moderno-e-minimal\\\/\",\"url\":\"https:\\\/\\\/www.smartystore.it\\\/it\\\/serie-quadra-per-un-arredamento-pratico-moderno-e-minimal\\\/\",\"name\":\"Serie quadra per un arredamento pratico, moderno e minimal - Smarty Store\",\"isPartOf\":{\"@id\":\"https:\\\/\\\/www.smartystore.it\\\/it\\\/#website\"},\"primaryImageOfPage\":{\"@id\":\"https:\\\/\\\/www.smartystore.it\\\/it\\\/serie-quadra-per-un-arredamento-pratico-moderno-e-minimal\\\/#primaryimage\"},\"image\":{\"@id\":\"https:\\\/\\\/www.smartystore.it\\\/it\\\/serie-quadra-per-un-arredamento-pratico-moderno-e-minimal\\\/#primaryimage\"},\"thumbnailUrl\":\"https:\\\/\\\/www.smartystore.it\\\/v25\\\/wp-content\\\/uploads\\\/2022\\\/09\\\/Mini-totem.jpg\",\"datePublished\":\"2022-09-26T12:41:15+00:00\",\"author\":{\"@id\":\"https:\\\/\\\/www.smartystore.it\\\/it\\\/#\\\/schema\\\/person\\\/0b842877355cfd3c33199511542a6c74\"},\"description\":\"Il design semplice e pulito della linea Quadra conferisce ai nostri espositori uno stile che entra in perfetta sintonia con ogni arredo.\",\"breadcrumb\":{\"@id\":\"https:\\\/\\\/www.smartystore.it\\\/it\\\/serie-quadra-per-un-arredamento-pratico-moderno-e-minimal\\\/#breadcrumb\"},\"inLanguage\":\"it-IT\",\"potentialAction\":[{\"@type\":\"ReadAction\",\"target\":[\"https:\\\/\\\/www.smartystore.it\\\/it\\\/serie-quadra-per-un-arredamento-pratico-moderno-e-minimal\\\/\"]}]},{\"@type\":\"ImageObject\",\"inLanguage\":\"it-IT\",\"@id\":\"https:\\\/\\\/www.smartystore.it\\\/it\\\/serie-quadra-per-un-arredamento-pratico-moderno-e-minimal\\\/#primaryimage\",\"url\":\"https:\\\/\\\/www.smartystore.it\\\/v25\\\/wp-content\\\/uploads\\\/2022\\\/09\\\/Mini-totem.jpg\",\"contentUrl\":\"https:\\\/\\\/www.smartystore.it\\\/v25\\\/wp-content\\\/uploads\\\/2022\\\/09\\\/Mini-totem.jpg\",\"width\":464,\"height\":349,\"caption\":\"Mini totem\"},{\"@type\":\"BreadcrumbList\",\"@id\":\"https:\\\/\\\/www.smartystore.it\\\/it\\\/serie-quadra-per-un-arredamento-pratico-moderno-e-minimal\\\/#breadcrumb\",\"itemListElement\":[{\"@type\":\"ListItem\",\"position\":1,\"name\":\"Home\",\"item\":\"https:\\\/\\\/www.smartystore.it\\\/it\\\/\"},{\"@type\":\"ListItem\",\"position\":2,\"name\":\"Serie quadra per un arredamento pratico, moderno e minimal\"}]},{\"@type\":\"WebSite\",\"@id\":\"https:\\\/\\\/www.smartystore.it\\\/it\\\/#website\",\"url\":\"https:\\\/\\\/www.smartystore.it\\\/it\\\/\",\"name\":\"Smarty Store\",\"description\":\"\",\"potentialAction\":[{\"@type\":\"SearchAction\",\"target\":{\"@type\":\"EntryPoint\",\"urlTemplate\":\"https:\\\/\\\/www.smartystore.it\\\/it\\\/?s={search_term_string}\"},\"query-input\":{\"@type\":\"PropertyValueSpecification\",\"valueRequired\":true,\"valueName\":\"search_term_string\"}}],\"inLanguage\":\"it-IT\"},{\"@type\":\"Person\",\"@id\":\"https:\\\/\\\/www.smartystore.it\\\/it\\\/#\\\/schema\\\/person\\\/0b842877355cfd3c33199511542a6c74\",\"name\":\"adnap\",\"image\":{\"@type\":\"ImageObject\",\"inLanguage\":\"it-IT\",\"@id\":\"https:\\\/\\\/www.smartystore.it\\\/v25\\\/wp-content\\\/litespeed\\\/avatar\\\/d426983eab74b365d46fdeeb34ff7e87.jpg?ver=1777206496\",\"url\":\"https:\\\/\\\/www.smartystore.it\\\/v25\\\/wp-content\\\/litespeed\\\/avatar\\\/d426983eab74b365d46fdeeb34ff7e87.jpg?ver=1777206496\",\"contentUrl\":\"https:\\\/\\\/www.smartystore.it\\\/v25\\\/wp-content\\\/litespeed\\\/avatar\\\/d426983eab74b365d46fdeeb34ff7e87.jpg?ver=1777206496\",\"caption\":\"adnap\"},\"url\":\"https:\\\/\\\/www.smartystore.it\\\/it\\\/author\\\/adnap\\\/\"}]}<\/script>\n<!-- \/ Yoast SEO plugin. -->","yoast_head_json":{"title":"Serie quadra per un arredamento pratico, moderno e minimal - Smarty Store","description":"Il design semplice e pulito della linea Quadra conferisce ai nostri espositori uno stile che entra in perfetta sintonia con ogni arredo.","robots":{"index":"index","follow":"follow","max-snippet":"max-snippet:-1","max-image-preview":"max-image-preview:large","max-video-preview":"max-video-preview:-1"},"canonical":"https:\/\/www.smartystore.it\/it\/serie-quadra-per-un-arredamento-pratico-moderno-e-minimal\/","og_locale":"it_IT","og_type":"article","og_title":"Serie quadra per un arredamento pratico, moderno e minimal - Smarty Store","og_description":"Il design semplice e pulito della linea Quadra conferisce ai nostri espositori uno stile che entra in perfetta sintonia con ogni arredo.","og_url":"https:\/\/www.smartystore.it\/it\/serie-quadra-per-un-arredamento-pratico-moderno-e-minimal\/","og_site_name":"Smarty Store","article_published_time":"2022-09-26T12:41:15+00:00","og_image":[{"width":464,"height":349,"url":"https:\/\/www.smartystore.it\/v25\/wp-content\/uploads\/2022\/09\/Mini-totem.jpg","type":"image\/jpeg"}],"author":"adnap","twitter_card":"summary_large_image","twitter_misc":{"Scritto da":"adnap","Tempo di lettura stimato":"3 minuti"},"schema":{"@context":"https:\/\/schema.org","@graph":[{"@type":"Article","@id":"https:\/\/www.smartystore.it\/it\/serie-quadra-per-un-arredamento-pratico-moderno-e-minimal\/#article","isPartOf":{"@id":"https:\/\/www.smartystore.it\/it\/serie-quadra-per-un-arredamento-pratico-moderno-e-minimal\/"},"author":{"name":"adnap","@id":"https:\/\/www.smartystore.it\/it\/#\/schema\/person\/0b842877355cfd3c33199511542a6c74"},"headline":"Serie quadra per un arredamento pratico, moderno e minimal","datePublished":"2022-09-26T12:41:15+00:00","mainEntityOfPage":{"@id":"https:\/\/www.smartystore.it\/it\/serie-quadra-per-un-arredamento-pratico-moderno-e-minimal\/"},"wordCount":445,"image":{"@id":"https:\/\/www.smartystore.it\/it\/serie-quadra-per-un-arredamento-pratico-moderno-e-minimal\/#primaryimage"},"thumbnailUrl":"https:\/\/www.smartystore.it\/v25\/wp-content\/uploads\/2022\/09\/Mini-totem.jpg","articleSection":["Totem"],"inLanguage":"it-IT"},{"@type":"WebPage","@id":"https:\/\/www.smartystore.it\/it\/serie-quadra-per-un-arredamento-pratico-moderno-e-minimal\/","url":"https:\/\/www.smartystore.it\/it\/serie-quadra-per-un-arredamento-pratico-moderno-e-minimal\/","name":"Serie quadra per un arredamento pratico, moderno e minimal - Smarty Store","isPartOf":{"@id":"https:\/\/www.smartystore.it\/it\/#website"},"primaryImageOfPage":{"@id":"https:\/\/www.smartystore.it\/it\/serie-quadra-per-un-arredamento-pratico-moderno-e-minimal\/#primaryimage"},"image":{"@id":"https:\/\/www.smartystore.it\/it\/serie-quadra-per-un-arredamento-pratico-moderno-e-minimal\/#primaryimage"},"thumbnailUrl":"https:\/\/www.smartystore.it\/v25\/wp-content\/uploads\/2022\/09\/Mini-totem.jpg","datePublished":"2022-09-26T12:41:15+00:00","author":{"@id":"https:\/\/www.smartystore.it\/it\/#\/schema\/person\/0b842877355cfd3c33199511542a6c74"},"description":"Il design semplice e pulito della linea Quadra conferisce ai nostri espositori uno stile che entra in perfetta sintonia con ogni arredo.","breadcrumb":{"@id":"https:\/\/www.smartystore.it\/it\/serie-quadra-per-un-arredamento-pratico-moderno-e-minimal\/#breadcrumb"},"inLanguage":"it-IT","potentialAction":[{"@type":"ReadAction","target":["https:\/\/www.smartystore.it\/it\/serie-quadra-per-un-arredamento-pratico-moderno-e-minimal\/"]}]},{"@type":"ImageObject","inLanguage":"it-IT","@id":"https:\/\/www.smartystore.it\/it\/serie-quadra-per-un-arredamento-pratico-moderno-e-minimal\/#primaryimage","url":"https:\/\/www.smartystore.it\/v25\/wp-content\/uploads\/2022\/09\/Mini-totem.jpg","contentUrl":"https:\/\/www.smartystore.it\/v25\/wp-content\/uploads\/2022\/09\/Mini-totem.jpg","width":464,"height":349,"caption":"Mini totem"},{"@type":"BreadcrumbList","@id":"https:\/\/www.smartystore.it\/it\/serie-quadra-per-un-arredamento-pratico-moderno-e-minimal\/#breadcrumb","itemListElement":[{"@type":"ListItem","position":1,"name":"Home","item":"https:\/\/www.smartystore.it\/it\/"},{"@type":"ListItem","position":2,"name":"Serie quadra per un arredamento pratico, moderno e minimal"}]},{"@type":"WebSite","@id":"https:\/\/www.smartystore.it\/it\/#website","url":"https:\/\/www.smartystore.it\/it\/","name":"Smarty Store","description":"","potentialAction":[{"@type":"SearchAction","target":{"@type":"EntryPoint","urlTemplate":"https:\/\/www.smartystore.it\/it\/?s={search_term_string}"},"query-input":{"@type":"PropertyValueSpecification","valueRequired":true,"valueName":"search_term_string"}}],"inLanguage":"it-IT"},{"@type":"Person","@id":"https:\/\/www.smartystore.it\/it\/#\/schema\/person\/0b842877355cfd3c33199511542a6c74","name":"adnap","image":{"@type":"ImageObject","inLanguage":"it-IT","@id":"https:\/\/www.smartystore.it\/v25\/wp-content\/litespeed\/avatar\/d426983eab74b365d46fdeeb34ff7e87.jpg?ver=1777206496","url":"https:\/\/www.smartystore.it\/v25\/wp-content\/litespeed\/avatar\/d426983eab74b365d46fdeeb34ff7e87.jpg?ver=1777206496","contentUrl":"https:\/\/www.smartystore.it\/v25\/wp-content\/litespeed\/avatar\/d426983eab74b365d46fdeeb34ff7e87.jpg?ver=1777206496","caption":"adnap"},"url":"https:\/\/www.smartystore.it\/it\/author\/adnap\/"}]}},"_links":{"self":[{"href":"https:\/\/www.smartystore.it\/it\/wp-json\/wp\/v2\/posts\/80964","targetHints":{"allow":["GET"]}}],"collection":[{"href":"https:\/\/www.smartystore.it\/it\/wp-json\/wp\/v2\/posts"}],"about":[{"href":"https:\/\/www.smartystore.it\/it\/wp-json\/wp\/v2\/types\/post"}],"author":[{"embeddable":true,"href":"https:\/\/www.smartystore.it\/it\/wp-json\/wp\/v2\/users\/13509"}],"replies":[{"embeddable":true,"href":"https:\/\/www.smartystore.it\/it\/wp-json\/wp\/v2\/comments?post=80964"}],"version-history":[{"count":1,"href":"https:\/\/www.smartystore.it\/it\/wp-json\/wp\/v2\/posts\/80964\/revisions"}],"predecessor-version":[{"id":80968,"href":"https:\/\/www.smartystore.it\/it\/wp-json\/wp\/v2\/posts\/80964\/revisions\/80968"}],"wp:featuredmedia":[{"embeddable":true,"href":"https:\/\/www.smartystore.it\/it\/wp-json\/wp\/v2\/media\/80965"}],"wp:attachment":[{"href":"https:\/\/www.smartystore.it\/it\/wp-json\/wp\/v2\/media?parent=80964"}],"wp:term":[{"taxonomy":"category","embeddable":true,"href":"https:\/\/www.smartystore.it\/it\/wp-json\/wp\/v2\/categories?post=80964"},{"taxonomy":"post_tag","embeddable":true,"href":"https:\/\/www.smartystore.it\/it\/wp-json\/wp\/v2\/tags?post=80964"}],"curies":[{"name":"wp","href":"https:\/\/api.w.org\/{rel}","templated":true}]}}