{"id":68181,"date":"2021-02-25T16:58:48","date_gmt":"2021-02-25T14:58:48","guid":{"rendered":"https:\/\/www.smartystore.it\/?p=68181"},"modified":"2023-06-19T09:44:29","modified_gmt":"2023-06-19T07:44:29","slug":"come-arredare-la-tua-agenzia-immobiliare","status":"publish","type":"post","link":"https:\/\/www.smartystore.it\/it\/come-arredare-la-tua-agenzia-immobiliare\/","title":{"rendered":"Come arredare la tua agenzia immobiliare"},"content":{"rendered":"<div class=\"wpb-content-wrapper\"><p>[vc_row][vc_column][vc_column_text]L\u2019arredamento \u00e8 un elemento che pu\u00f2 influire sulle vendite del tuo negozio?\u00a0La risposta \u00e8 scontata, anche se troppo spesso sottovalutata.<\/p>\n<p>Cos\u00ec come la bravura del venditore e le qualit\u00e0 del prodotto o servizio, anche la location dove avviene la trattativa pesa in misura determinante sull&#8217;esito della contrattazione.<\/p>\n<p>Ecco perch\u00e9 \u00e8 importante chiedersi: <strong>come devo arredare la mia agenzia immobiliare? Quali sono gli errori che non devo\u00a0 commettere nell&#8217;arredarla?<\/strong><\/p>\n<p>Prima di entrare in un negozio il cliente deve notarlo dall&#8217;esterno: la vetrina.<\/p>\n<h2>Vetrina<\/h2>\n<p>Per mettere in evidenza gli annunci in vetrina anche durante le ore serali, si possono utilizzare dei portamessaggi luminosi, i quali permettono differenti configurazioni in base alla dimensione della vetrina stessa.<\/p>\n<h3>Ecco le nostre soluzioni<\/h3>\n<p>[\/vc_column_text]<div class=\"woocommerce columns-4 \"><ul class=\"products products-container grid has-ccols has-ccols-spacing ccols-xl-4 ccols-lg-3 ccols-md-3 ccols-sm-2 ccols-1 pwidth-lg-4 pwidth-md-3 pwidth-xs-2 pwidth-ls-1 is-shortcode\"\r\n\t data-product_layout=\"product-default\" role=\"none\">\r\n\r\n<li role=\"none\" class=\"product-col product-default product type-product post-89525 status-publish first instock product_cat-porta-messaggi-luminosi product_tag-porta-messaggi-a4-bifacciali-luminosi-a-led product_tag-porta-messaggi-luminosi-a-cavetto product_tag-porta-messaggi-luminosi-da-vetrina product_tag-porta-messaggi-luminosi-led product_tag-tasche-a4-luminose-da-vetrina product_tag-tasche-illuminate-per-messaggi-a4-da-vetrina product_tag-tasche-led-per-messaggi-luminosi product_tag-tasche-luminose-per-messaggi has-post-thumbnail taxable shipping-taxable purchasable product-type-simple\">\r\n<div class=\"product-inner\">\r\n\t\r\n\t<div class=\"product-image\">\r\n\r\n\t\t<a  href=\"https:\/\/www.smartystore.it\/it\/prodotto\/porta-messaggi-a-cavetto-con-tasche-bifacciali-a-led-12-tasche-a4-orizzontale\/\" aria-label=\"Go to product page\">\r\n\t\t\t<div class=\"inner img-effect\"><img loading=\"lazy\" decoding=\"async\" width=\"300\" height=\"300\" src=\"https:\/\/www.smartystore.it\/v25\/wp-content\/uploads\/2024\/10\/Composizione-12-tasche-A4-orizzontale-300x300.jpg\" class=\"attachment-woocommerce_thumbnail size-woocommerce_thumbnail\" alt=\"Porta messaggi luminosi Led bifacciali\" \/><img loading=\"lazy\" decoding=\"async\" width=\"300\" height=\"300\" src=\"https:\/\/www.smartystore.it\/v25\/wp-content\/uploads\/2024\/10\/Composizione-12-tasche-A4-orizzontale_disegno-300x300.jpg\" class=\"hover-image\" alt=\"Composizione 12 tasche A4 orizzontale disegno\" \/><\/div>\t\t<\/a>\r\n\t\t\t<\/div>\r\n\r\n\t<div class=\"product-content\">\r\n\t\t\r\n\t\t\t<a class=\"product-loop-title\"  href=\"https:\/\/www.smartystore.it\/it\/prodotto\/porta-messaggi-a-cavetto-con-tasche-bifacciali-a-led-12-tasche-a4-orizzontale\/\">\r\n\t<h3 class=\"woocommerce-loop-product__title\">Porta messaggi luminosi Led bifacciali &#8211; 12 tasche A4 orizzontale<\/h3>\t<\/a>\r\n\t\r\n\t\t\r\n\r\n<div class=\"rating-wrap\">\r\n\t<div class=\"rating-content\"><div class=\"star-rating\" title=\"0\"><span style=\"width:0%\"><strong class=\"rating\">0<\/strong> Su 5<\/span><\/div><\/div>\r\n<\/div>\r\n\r\n\n\t<span class=\"price\"><span class=\"woocommerce-Price-amount amount\"><bdi><span class=\"woocommerce-Price-currencySymbol\">&euro;<\/span>947,50<\/bdi><\/span> <small class=\"woocommerce-price-suffix\">+ IVA<\/small><\/span>\n\r\n\t\t<div class=\"add-links-wrap\">\r\n\t<div class=\"add-links clearfix\">\r\n\t\t<a href=\"\/it\/wp-json\/wp\/v2\/posts\/68181?add-to-cart=89525\" aria-describedby=\"woocommerce_loop_add_to_cart_link_describedby_89525\" data-quantity=\"1\" class=\"viewcart-style-3 button product_type_simple add_to_cart_button ajax_add_to_cart\" data-product_id=\"89525\" data-product_sku=\"STR-TLED-COMP12A4O\" aria-label=\"Aggiungi al carrello: &quot;Porta messaggi luminosi Led bifacciali - 12 tasche A4 orizzontale&quot;\" rel=\"nofollow\" data-success_message=\"&quot;Porta messaggi luminosi Led bifacciali - 12 tasche A4 orizzontale&quot; \u00e8 stato aggiunto al tuo carrello\" role=\"button\">Aggiungi al Carrello<\/a>\t\t<span id=\"woocommerce_loop_add_to_cart_link_describedby_89525\" class=\"screen-reader-text\">\r\n\t\t\t<\/span>\r\n\t\t\n<div\n\tclass=\"yith-wcwl-add-to-wishlist add-to-wishlist-89525 yith-wcwl-add-to-wishlist--link-style wishlist-fragment on-first-load\"\n\tdata-fragment-ref=\"89525\"\n\tdata-fragment-options=\"{&quot;base_url&quot;:&quot;&quot;,&quot;product_id&quot;:89525,&quot;parent_product_id&quot;:0,&quot;product_type&quot;:&quot;simple&quot;,&quot;is_single&quot;:false,&quot;in_default_wishlist&quot;:false,&quot;show_view&quot;:false,&quot;browse_wishlist_text&quot;:&quot;Vedi la lista&quot;,&quot;already_in_wishslist_text&quot;:&quot;Il prodotto \\u00e8 gi\\u00e0 nella tua lista!&quot;,&quot;product_added_text&quot;:&quot;Articolo aggiunto!&quot;,&quot;available_multi_wishlist&quot;:false,&quot;disable_wishlist&quot;:false,&quot;show_count&quot;:false,&quot;ajax_loading&quot;:false,&quot;loop_position&quot;:&quot;after_add_to_cart&quot;,&quot;item&quot;:&quot;add_to_wishlist&quot;}\"\n>\n\t\t\t\n\t\t\t<!-- ADD TO WISHLIST -->\n\t\t\t\n<div class=\"yith-wcwl-add-button\">\n\t\t<a\n\t\thref=\"?add_to_wishlist=89525&#038;_wpnonce=e05e62ca3e\"\n\t\tclass=\"add_to_wishlist single_add_to_wishlist\"\n\t\tdata-product-id=\"89525\"\n\t\tdata-product-type=\"simple\"\n\t\tdata-original-product-id=\"0\"\n\t\tdata-title=\"Aggiungi ai preferiti\"\n\t\trel=\"nofollow\"\n\t>\n\t\t<svg id=\"yith-wcwl-icon-heart-outline\" class=\"yith-wcwl-icon-svg\" fill=\"none\" stroke-width=\"1.5\" stroke=\"currentColor\" viewBox=\"0 0 24 24\" xmlns=\"http:\/\/www.w3.org\/2000\/svg\">\n  <path stroke-linecap=\"round\" stroke-linejoin=\"round\" d=\"M21 8.25c0-2.485-2.099-4.5-4.688-4.5-1.935 0-3.597 1.126-4.312 2.733-.715-1.607-2.377-2.733-4.313-2.733C5.1 3.75 3 5.765 3 8.25c0 7.22 9 12 9 12s9-4.78 9-12Z\"><\/path>\n<\/svg>\t\t<span>Aggiungi ai preferiti<\/span>\n\t<\/a>\n<\/div>\n\n\t\t\t<!-- COUNT TEXT -->\n\t\t\t\n\t\t\t<\/div>\n\t<\/div>\r\n\t<\/div>\r\n<span class=\"gtm4wp_productdata\" style=\"display:none; visibility:hidden;\" data-gtm4wp_product_data=\"{&quot;internal_id&quot;:89525,&quot;item_id&quot;:89525,&quot;item_name&quot;:&quot;Porta messaggi luminosi Led bifacciali - 12 tasche A4 orizzontale&quot;,&quot;sku&quot;:&quot;STR-TLED-COMP12A4O&quot;,&quot;price&quot;:947.5,&quot;stocklevel&quot;:null,&quot;stockstatus&quot;:&quot;instock&quot;,&quot;google_business_vertical&quot;:&quot;retail&quot;,&quot;item_category&quot;:&quot;PORTA-MESSAGGI LUMINOSI&quot;,&quot;id&quot;:89525,&quot;productlink&quot;:&quot;https:\\\/\\\/www.smartystore.it\\\/it\\\/prodotto\\\/porta-messaggi-a-cavetto-con-tasche-bifacciali-a-led-12-tasche-a4-orizzontale\\\/&quot;,&quot;item_list_name&quot;:&quot;General Product List&quot;,&quot;index&quot;:1,&quot;product_type&quot;:&quot;simple&quot;,&quot;item_brand&quot;:&quot;&quot;}\"><\/span>\t<\/div>\r\n<\/div>\r\n\r\n<\/li>\r\n\r\n<li role=\"none\" class=\"product-col product-default product type-product post-43705 status-publish instock product_cat-porta-messaggi-luminosi product_tag-porta-messaggi-a3-e-a4-bifacciali-luminosi-a-led product_tag-porta-messaggi-luminosi-a-cavetto product_tag-porta-messaggi-luminosi-da-vetrina product_tag-porta-messaggi-luminosi-led product_tag-tasche-a3-e-a4-luminose-da-vetrina product_tag-tasche-illuminate-per-messaggi-a3-e-a4-da-vetrina product_tag-tasche-led-per-messaggi-luminosi product_tag-tasche-luminose-per-messaggi has-post-thumbnail taxable shipping-taxable purchasable product-type-simple\">\r\n<div class=\"product-inner\">\r\n\t\r\n\t<div class=\"product-image\">\r\n\r\n\t\t<a  href=\"https:\/\/www.smartystore.it\/it\/prodotto\/porta-messaggi-a-cavetto-con-tasche-bifacciali-illuminate-a-led-8-tasche-a4-orizzontale-e-3-tasche-a3-orizzontale\/\" aria-label=\"Go to product page\">\r\n\t\t\t<div class=\"inner img-effect\"><img loading=\"lazy\" decoding=\"async\" width=\"300\" height=\"300\" src=\"https:\/\/www.smartystore.it\/v25\/wp-content\/uploads\/2017\/12\/Composizione-8-tasche-A4-orizzontale-e-3-tasche-A3-orizzontale-1-300x300.jpg\" class=\"attachment-woocommerce_thumbnail size-woocommerce_thumbnail\" alt=\"Porta-messaggi a cavetto con tasche bifacciali illuminate a LED - 8 tasche A4 orizzontale e 3 tasche A3 orizzontale\" \/><img loading=\"lazy\" decoding=\"async\" width=\"300\" height=\"300\" src=\"https:\/\/www.smartystore.it\/v25\/wp-content\/uploads\/2017\/12\/Composizione-8-tasche-A4-orizzontale-e-3-tasche-A3-orizzontale-disegno-tecnico-300x300.jpg\" class=\"hover-image\" alt=\"\" \/><\/div>\t\t<\/a>\r\n\t\t\t<\/div>\r\n\r\n\t<div class=\"product-content\">\r\n\t\t\r\n\t\t\t<a class=\"product-loop-title\"  href=\"https:\/\/www.smartystore.it\/it\/prodotto\/porta-messaggi-a-cavetto-con-tasche-bifacciali-illuminate-a-led-8-tasche-a4-orizzontale-e-3-tasche-a3-orizzontale\/\">\r\n\t<h3 class=\"woocommerce-loop-product__title\">Porta-messaggi a cavetto con tasche bifacciali illuminate a LED &#8211; 8 tasche A4 orizzontale e 3 tasche A3 orizzontale<\/h3>\t<\/a>\r\n\t\r\n\t\t\r\n\r\n<div class=\"rating-wrap\">\r\n\t<div class=\"rating-content\"><div class=\"star-rating\" title=\"0\"><span style=\"width:0%\"><strong class=\"rating\">0<\/strong> Su 5<\/span><\/div><\/div>\r\n<\/div>\r\n\r\n\n\t<span class=\"price\"><span class=\"woocommerce-Price-amount amount\"><bdi><span class=\"woocommerce-Price-currencySymbol\">&euro;<\/span>875,20<\/bdi><\/span> <small class=\"woocommerce-price-suffix\">+ IVA<\/small><\/span>\n\r\n\t\t<div class=\"add-links-wrap\">\r\n\t<div class=\"add-links clearfix\">\r\n\t\t<a href=\"\/it\/wp-json\/wp\/v2\/posts\/68181?add-to-cart=43705\" aria-describedby=\"woocommerce_loop_add_to_cart_link_describedby_43705\" data-quantity=\"1\" class=\"viewcart-style-3 button product_type_simple add_to_cart_button ajax_add_to_cart\" data-product_id=\"43705\" data-product_sku=\"STR-TLED-COMP5\" aria-label=\"Aggiungi al carrello: &quot;Porta-messaggi a cavetto con tasche bifacciali illuminate a LED - 8 tasche A4 orizzontale e 3 tasche A3 orizzontale&quot;\" rel=\"nofollow\" data-success_message=\"&quot;Porta-messaggi a cavetto con tasche bifacciali illuminate a LED - 8 tasche A4 orizzontale e 3 tasche A3 orizzontale&quot; \u00e8 stato aggiunto al tuo carrello\" role=\"button\">Aggiungi al Carrello<\/a>\t\t<span id=\"woocommerce_loop_add_to_cart_link_describedby_43705\" class=\"screen-reader-text\">\r\n\t\t\t<\/span>\r\n\t\t\n<div\n\tclass=\"yith-wcwl-add-to-wishlist add-to-wishlist-43705 yith-wcwl-add-to-wishlist--link-style wishlist-fragment on-first-load\"\n\tdata-fragment-ref=\"43705\"\n\tdata-fragment-options=\"{&quot;base_url&quot;:&quot;&quot;,&quot;product_id&quot;:43705,&quot;parent_product_id&quot;:0,&quot;product_type&quot;:&quot;simple&quot;,&quot;is_single&quot;:false,&quot;in_default_wishlist&quot;:false,&quot;show_view&quot;:false,&quot;browse_wishlist_text&quot;:&quot;Vedi la lista&quot;,&quot;already_in_wishslist_text&quot;:&quot;Il prodotto \\u00e8 gi\\u00e0 nella tua lista!&quot;,&quot;product_added_text&quot;:&quot;Articolo aggiunto!&quot;,&quot;available_multi_wishlist&quot;:false,&quot;disable_wishlist&quot;:false,&quot;show_count&quot;:false,&quot;ajax_loading&quot;:false,&quot;loop_position&quot;:&quot;after_add_to_cart&quot;,&quot;item&quot;:&quot;add_to_wishlist&quot;}\"\n>\n\t\t\t\n\t\t\t<!-- ADD TO WISHLIST -->\n\t\t\t\n<div class=\"yith-wcwl-add-button\">\n\t\t<a\n\t\thref=\"?add_to_wishlist=43705&#038;_wpnonce=e05e62ca3e\"\n\t\tclass=\"add_to_wishlist single_add_to_wishlist\"\n\t\tdata-product-id=\"43705\"\n\t\tdata-product-type=\"simple\"\n\t\tdata-original-product-id=\"0\"\n\t\tdata-title=\"Aggiungi ai preferiti\"\n\t\trel=\"nofollow\"\n\t>\n\t\t<svg id=\"yith-wcwl-icon-heart-outline\" class=\"yith-wcwl-icon-svg\" fill=\"none\" stroke-width=\"1.5\" stroke=\"currentColor\" viewBox=\"0 0 24 24\" xmlns=\"http:\/\/www.w3.org\/2000\/svg\">\n  <path stroke-linecap=\"round\" stroke-linejoin=\"round\" d=\"M21 8.25c0-2.485-2.099-4.5-4.688-4.5-1.935 0-3.597 1.126-4.312 2.733-.715-1.607-2.377-2.733-4.313-2.733C5.1 3.75 3 5.765 3 8.25c0 7.22 9 12 9 12s9-4.78 9-12Z\"><\/path>\n<\/svg>\t\t<span>Aggiungi ai preferiti<\/span>\n\t<\/a>\n<\/div>\n\n\t\t\t<!-- COUNT TEXT -->\n\t\t\t\n\t\t\t<\/div>\n\t<\/div>\r\n\t<\/div>\r\n<span class=\"gtm4wp_productdata\" style=\"display:none; visibility:hidden;\" data-gtm4wp_product_data=\"{&quot;internal_id&quot;:43705,&quot;item_id&quot;:43705,&quot;item_name&quot;:&quot;Porta-messaggi a cavetto con tasche bifacciali illuminate a LED - 8 tasche A4 orizzontale e 3 tasche A3 orizzontale&quot;,&quot;sku&quot;:&quot;STR-TLED-COMP5&quot;,&quot;price&quot;:875.200000000000045474735088646411895751953125,&quot;stocklevel&quot;:1000,&quot;stockstatus&quot;:&quot;instock&quot;,&quot;google_business_vertical&quot;:&quot;retail&quot;,&quot;item_category&quot;:&quot;PORTA-MESSAGGI LUMINOSI&quot;,&quot;id&quot;:43705,&quot;productlink&quot;:&quot;https:\\\/\\\/www.smartystore.it\\\/it\\\/prodotto\\\/porta-messaggi-a-cavetto-con-tasche-bifacciali-illuminate-a-led-8-tasche-a4-orizzontale-e-3-tasche-a3-orizzontale\\\/&quot;,&quot;item_list_name&quot;:&quot;General Product List&quot;,&quot;index&quot;:2,&quot;product_type&quot;:&quot;simple&quot;,&quot;item_brand&quot;:&quot;&quot;}\"><\/span>\t<\/div>\r\n<\/div>\r\n\r\n<\/li>\r\n\r\n<li role=\"none\" class=\"product-col product-default product type-product post-43641 status-publish instock product_cat-porta-messaggi-luminosi product_tag-porta-messaggi-a3-e-a4-bifacciali-luminosi-a-led product_tag-porta-messaggi-luminosi-a-cavetto product_tag-porta-messaggi-luminosi-da-vetrina product_tag-porta-messaggi-luminosi-led product_tag-tasche-a3-e-a4-luminose-da-vetrina product_tag-tasche-illuminate-per-messaggi-a3-e-a4-da-vetrina product_tag-tasche-led-per-messaggi-luminosi product_tag-tasche-luminose-per-messaggi has-post-thumbnail taxable shipping-taxable purchasable product-type-simple\">\r\n<div class=\"product-inner\">\r\n\t\r\n\t<div class=\"product-image\">\r\n\r\n\t\t<a  href=\"https:\/\/www.smartystore.it\/it\/prodotto\/porta-messaggi-a-cavetto-con-tasche-bifacciali-illuminate-a-led-8-tasche-a4-orizzontale-e-6-tasche-a3-orizzontale\/\" aria-label=\"Go to product page\">\r\n\t\t\t<div class=\"inner img-effect\"><img loading=\"lazy\" decoding=\"async\" width=\"300\" height=\"300\" src=\"https:\/\/www.smartystore.it\/v25\/wp-content\/uploads\/2017\/12\/Tasche-porta-messaggio-da-vetrina-illuminazione-led-8-tasche-A4-orizzontale-6-tasche-A3-orizzontale-1-300x300.jpg\" class=\"attachment-woocommerce_thumbnail size-woocommerce_thumbnail\" alt=\"Porta messaggi luminosi da vetrina A3 e A4\" \/><img loading=\"lazy\" decoding=\"async\" width=\"300\" height=\"300\" src=\"https:\/\/www.smartystore.it\/v25\/wp-content\/uploads\/2017\/12\/Composizione-8-tasche-A4-orizzontale-6-tasche-A3-orizzontale-disegno-tecnico-300x300.jpg\" class=\"hover-image\" alt=\"\" \/><\/div>\t\t<\/a>\r\n\t\t\t<\/div>\r\n\r\n\t<div class=\"product-content\">\r\n\t\t\r\n\t\t\t<a class=\"product-loop-title\"  href=\"https:\/\/www.smartystore.it\/it\/prodotto\/porta-messaggi-a-cavetto-con-tasche-bifacciali-illuminate-a-led-8-tasche-a4-orizzontale-e-6-tasche-a3-orizzontale\/\">\r\n\t<h3 class=\"woocommerce-loop-product__title\">Porta-messaggi a cavetto con tasche bifacciali illuminate a LED &#8211; 8 tasche A4 orizzontale e 6 tasche A3 orizzontale<\/h3>\t<\/a>\r\n\t\r\n\t\t\r\n\r\n<div class=\"rating-wrap\">\r\n\t<div class=\"rating-content\"><div class=\"star-rating\" title=\"0\"><span style=\"width:0%\"><strong class=\"rating\">0<\/strong> Su 5<\/span><\/div><\/div>\r\n<\/div>\r\n\r\n\n\t<span class=\"price\"><span class=\"woocommerce-Price-amount amount\"><bdi><span class=\"woocommerce-Price-currencySymbol\">&euro;<\/span>1.118,20<\/bdi><\/span> <small class=\"woocommerce-price-suffix\">+ IVA<\/small><\/span>\n\r\n\t\t<div class=\"add-links-wrap\">\r\n\t<div class=\"add-links clearfix\">\r\n\t\t<a href=\"\/it\/wp-json\/wp\/v2\/posts\/68181?add-to-cart=43641\" aria-describedby=\"woocommerce_loop_add_to_cart_link_describedby_43641\" data-quantity=\"1\" class=\"viewcart-style-3 button product_type_simple add_to_cart_button ajax_add_to_cart\" data-product_id=\"43641\" data-product_sku=\"STR-TLED-COMP6\" aria-label=\"Aggiungi al carrello: &quot;Porta-messaggi a cavetto con tasche bifacciali illuminate a LED - 8 tasche A4 orizzontale e 6 tasche A3 orizzontale&quot;\" rel=\"nofollow\" data-success_message=\"&quot;Porta-messaggi a cavetto con tasche bifacciali illuminate a LED - 8 tasche A4 orizzontale e 6 tasche A3 orizzontale&quot; \u00e8 stato aggiunto al tuo carrello\" role=\"button\">Aggiungi al Carrello<\/a>\t\t<span id=\"woocommerce_loop_add_to_cart_link_describedby_43641\" class=\"screen-reader-text\">\r\n\t\t\t<\/span>\r\n\t\t\n<div\n\tclass=\"yith-wcwl-add-to-wishlist add-to-wishlist-43641 yith-wcwl-add-to-wishlist--link-style wishlist-fragment on-first-load\"\n\tdata-fragment-ref=\"43641\"\n\tdata-fragment-options=\"{&quot;base_url&quot;:&quot;&quot;,&quot;product_id&quot;:43641,&quot;parent_product_id&quot;:0,&quot;product_type&quot;:&quot;simple&quot;,&quot;is_single&quot;:false,&quot;in_default_wishlist&quot;:false,&quot;show_view&quot;:false,&quot;browse_wishlist_text&quot;:&quot;Vedi la lista&quot;,&quot;already_in_wishslist_text&quot;:&quot;Il prodotto \\u00e8 gi\\u00e0 nella tua lista!&quot;,&quot;product_added_text&quot;:&quot;Articolo aggiunto!&quot;,&quot;available_multi_wishlist&quot;:false,&quot;disable_wishlist&quot;:false,&quot;show_count&quot;:false,&quot;ajax_loading&quot;:false,&quot;loop_position&quot;:&quot;after_add_to_cart&quot;,&quot;item&quot;:&quot;add_to_wishlist&quot;}\"\n>\n\t\t\t\n\t\t\t<!-- ADD TO WISHLIST -->\n\t\t\t\n<div class=\"yith-wcwl-add-button\">\n\t\t<a\n\t\thref=\"?add_to_wishlist=43641&#038;_wpnonce=e05e62ca3e\"\n\t\tclass=\"add_to_wishlist single_add_to_wishlist\"\n\t\tdata-product-id=\"43641\"\n\t\tdata-product-type=\"simple\"\n\t\tdata-original-product-id=\"0\"\n\t\tdata-title=\"Aggiungi ai preferiti\"\n\t\trel=\"nofollow\"\n\t>\n\t\t<svg id=\"yith-wcwl-icon-heart-outline\" class=\"yith-wcwl-icon-svg\" fill=\"none\" stroke-width=\"1.5\" stroke=\"currentColor\" viewBox=\"0 0 24 24\" xmlns=\"http:\/\/www.w3.org\/2000\/svg\">\n  <path stroke-linecap=\"round\" stroke-linejoin=\"round\" d=\"M21 8.25c0-2.485-2.099-4.5-4.688-4.5-1.935 0-3.597 1.126-4.312 2.733-.715-1.607-2.377-2.733-4.313-2.733C5.1 3.75 3 5.765 3 8.25c0 7.22 9 12 9 12s9-4.78 9-12Z\"><\/path>\n<\/svg>\t\t<span>Aggiungi ai preferiti<\/span>\n\t<\/a>\n<\/div>\n\n\t\t\t<!-- COUNT TEXT -->\n\t\t\t\n\t\t\t<\/div>\n\t<\/div>\r\n\t<\/div>\r\n<span class=\"gtm4wp_productdata\" style=\"display:none; visibility:hidden;\" data-gtm4wp_product_data=\"{&quot;internal_id&quot;:43641,&quot;item_id&quot;:43641,&quot;item_name&quot;:&quot;Porta-messaggi a cavetto con tasche bifacciali illuminate a LED - 8 tasche A4 orizzontale e 6 tasche A3 orizzontale&quot;,&quot;sku&quot;:&quot;STR-TLED-COMP6&quot;,&quot;price&quot;:1118.200000000000045474735088646411895751953125,&quot;stocklevel&quot;:1000,&quot;stockstatus&quot;:&quot;instock&quot;,&quot;google_business_vertical&quot;:&quot;retail&quot;,&quot;item_category&quot;:&quot;PORTA-MESSAGGI LUMINOSI&quot;,&quot;id&quot;:43641,&quot;productlink&quot;:&quot;https:\\\/\\\/www.smartystore.it\\\/it\\\/prodotto\\\/porta-messaggi-a-cavetto-con-tasche-bifacciali-illuminate-a-led-8-tasche-a4-orizzontale-e-6-tasche-a3-orizzontale\\\/&quot;,&quot;item_list_name&quot;:&quot;General Product List&quot;,&quot;index&quot;:3,&quot;product_type&quot;:&quot;simple&quot;,&quot;item_brand&quot;:&quot;&quot;}\"><\/span>\t<\/div>\r\n<\/div>\r\n\r\n<\/li>\r\n\r\n<li role=\"none\" class=\"product-col product-default product type-product post-43769 status-publish last instock product_cat-porta-messaggi-luminosi product_tag-porta-messaggi-a3-e-70x100-bifacciali-luminosi-a-led product_tag-porta-messaggi-luminosi-a-cavetto product_tag-porta-messaggi-luminosi-da-vetrina product_tag-porta-messaggi-luminosi-led product_tag-tasche-a3-e-70x100-luminose-da-vetrina product_tag-tasche-illuminate-per-messaggi-a3-e-70x100-da-vetrina product_tag-tasche-led-per-messaggi-luminosi product_tag-tasche-luminose-per-messaggi has-post-thumbnail taxable shipping-taxable purchasable product-type-simple\">\r\n<div class=\"product-inner\">\r\n\t\r\n\t<div class=\"product-image\">\r\n\r\n\t\t<a  href=\"https:\/\/www.smartystore.it\/it\/prodotto\/porta-messaggi-bifacciale-illuminato-a-led\/\" aria-label=\"Go to product page\">\r\n\t\t\t<div class=\"inner img-effect\"><img loading=\"lazy\" decoding=\"async\" width=\"300\" height=\"300\" src=\"https:\/\/www.smartystore.it\/v25\/wp-content\/uploads\/2017\/12\/Tasche-porta-messaggio-da-vetrina-illuminazione-led-4-tasche-A3-verticale-1-tasca-70x100-1-300x300.jpg\" class=\"attachment-woocommerce_thumbnail size-woocommerce_thumbnail\" alt=\"Porta-messaggi bifacciale illuminato a LED\" \/><img loading=\"lazy\" decoding=\"async\" width=\"300\" height=\"300\" src=\"https:\/\/www.smartystore.it\/v25\/wp-content\/uploads\/2017\/12\/Composizione-4-tasche-A3-verticale-1-tasca-70-x-100-disegno-tecnico-300x300.jpg\" class=\"hover-image\" alt=\"\" \/><\/div>\t\t<\/a>\r\n\t\t\t<\/div>\r\n\r\n\t<div class=\"product-content\">\r\n\t\t\r\n\t\t\t<a class=\"product-loop-title\"  href=\"https:\/\/www.smartystore.it\/it\/prodotto\/porta-messaggi-bifacciale-illuminato-a-led\/\">\r\n\t<h3 class=\"woocommerce-loop-product__title\">Porta-messaggi bifacciale illuminato a LED &#8211; 4 tasche A3 verticale e 1 tasca 70&#215;100<\/h3>\t<\/a>\r\n\t\r\n\t\t\r\n\r\n<div class=\"rating-wrap\">\r\n\t<div class=\"rating-content\"><div class=\"star-rating\" title=\"0\"><span style=\"width:0%\"><strong class=\"rating\">0<\/strong> Su 5<\/span><\/div><\/div>\r\n<\/div>\r\n\r\n\n\t<span class=\"price\"><span class=\"woocommerce-Price-amount amount\"><bdi><span class=\"woocommerce-Price-currencySymbol\">&euro;<\/span>776,80<\/bdi><\/span> <small class=\"woocommerce-price-suffix\">+ IVA<\/small><\/span>\n\r\n\t\t<div class=\"add-links-wrap\">\r\n\t<div class=\"add-links clearfix\">\r\n\t\t<a href=\"\/it\/wp-json\/wp\/v2\/posts\/68181?add-to-cart=43769\" aria-describedby=\"woocommerce_loop_add_to_cart_link_describedby_43769\" data-quantity=\"1\" class=\"viewcart-style-3 button product_type_simple add_to_cart_button ajax_add_to_cart\" data-product_id=\"43769\" data-product_sku=\"STR-TLED-COMP8\" aria-label=\"Aggiungi al carrello: &quot;Porta-messaggi bifacciale illuminato a LED - 4 tasche A3 verticale e 1 tasca 70x100&quot;\" rel=\"nofollow\" data-success_message=\"&quot;Porta-messaggi bifacciale illuminato a LED - 4 tasche A3 verticale e 1 tasca 70x100&quot; \u00e8 stato aggiunto al tuo carrello\" role=\"button\">Aggiungi al Carrello<\/a>\t\t<span id=\"woocommerce_loop_add_to_cart_link_describedby_43769\" class=\"screen-reader-text\">\r\n\t\t\t<\/span>\r\n\t\t\n<div\n\tclass=\"yith-wcwl-add-to-wishlist add-to-wishlist-43769 yith-wcwl-add-to-wishlist--link-style wishlist-fragment on-first-load\"\n\tdata-fragment-ref=\"43769\"\n\tdata-fragment-options=\"{&quot;base_url&quot;:&quot;&quot;,&quot;product_id&quot;:43769,&quot;parent_product_id&quot;:0,&quot;product_type&quot;:&quot;simple&quot;,&quot;is_single&quot;:false,&quot;in_default_wishlist&quot;:false,&quot;show_view&quot;:false,&quot;browse_wishlist_text&quot;:&quot;Vedi la lista&quot;,&quot;already_in_wishslist_text&quot;:&quot;Il prodotto \\u00e8 gi\\u00e0 nella tua lista!&quot;,&quot;product_added_text&quot;:&quot;Articolo aggiunto!&quot;,&quot;available_multi_wishlist&quot;:false,&quot;disable_wishlist&quot;:false,&quot;show_count&quot;:false,&quot;ajax_loading&quot;:false,&quot;loop_position&quot;:&quot;after_add_to_cart&quot;,&quot;item&quot;:&quot;add_to_wishlist&quot;}\"\n>\n\t\t\t\n\t\t\t<!-- ADD TO WISHLIST -->\n\t\t\t\n<div class=\"yith-wcwl-add-button\">\n\t\t<a\n\t\thref=\"?add_to_wishlist=43769&#038;_wpnonce=e05e62ca3e\"\n\t\tclass=\"add_to_wishlist single_add_to_wishlist\"\n\t\tdata-product-id=\"43769\"\n\t\tdata-product-type=\"simple\"\n\t\tdata-original-product-id=\"0\"\n\t\tdata-title=\"Aggiungi ai preferiti\"\n\t\trel=\"nofollow\"\n\t>\n\t\t<svg id=\"yith-wcwl-icon-heart-outline\" class=\"yith-wcwl-icon-svg\" fill=\"none\" stroke-width=\"1.5\" stroke=\"currentColor\" viewBox=\"0 0 24 24\" xmlns=\"http:\/\/www.w3.org\/2000\/svg\">\n  <path stroke-linecap=\"round\" stroke-linejoin=\"round\" d=\"M21 8.25c0-2.485-2.099-4.5-4.688-4.5-1.935 0-3.597 1.126-4.312 2.733-.715-1.607-2.377-2.733-4.313-2.733C5.1 3.75 3 5.765 3 8.25c0 7.22 9 12 9 12s9-4.78 9-12Z\"><\/path>\n<\/svg>\t\t<span>Aggiungi ai preferiti<\/span>\n\t<\/a>\n<\/div>\n\n\t\t\t<!-- COUNT TEXT -->\n\t\t\t\n\t\t\t<\/div>\n\t<\/div>\r\n\t<\/div>\r\n<span class=\"gtm4wp_productdata\" style=\"display:none; visibility:hidden;\" data-gtm4wp_product_data=\"{&quot;internal_id&quot;:43769,&quot;item_id&quot;:43769,&quot;item_name&quot;:&quot;Porta-messaggi bifacciale illuminato a LED - 4 tasche A3 verticale e 1 tasca 70x100&quot;,&quot;sku&quot;:&quot;STR-TLED-COMP8&quot;,&quot;price&quot;:776.799999999999954525264911353588104248046875,&quot;stocklevel&quot;:1000,&quot;stockstatus&quot;:&quot;instock&quot;,&quot;google_business_vertical&quot;:&quot;retail&quot;,&quot;item_category&quot;:&quot;PORTA-MESSAGGI LUMINOSI&quot;,&quot;id&quot;:43769,&quot;productlink&quot;:&quot;https:\\\/\\\/www.smartystore.it\\\/it\\\/prodotto\\\/porta-messaggi-bifacciale-illuminato-a-led\\\/&quot;,&quot;item_list_name&quot;:&quot;General Product List&quot;,&quot;index&quot;:4,&quot;product_type&quot;:&quot;simple&quot;,&quot;item_brand&quot;:&quot;&quot;}\"><\/span>\t<\/div>\r\n<\/div>\r\n\r\n<\/li>\r\n\r\n<li role=\"none\" class=\"product-col product-default product type-product post-43561 status-publish first instock product_cat-porta-messaggi-luminosi product_tag-porta-messaggi-a3-bifacciali-luminosi-a-led product_tag-porta-messaggi-luminosi-a-cavetto product_tag-porta-messaggi-luminosi-da-vetrina product_tag-porta-messaggi-luminosi-led product_tag-tasche-a3-luminosa-da-vetrina product_tag-tasche-illuminate-per-messaggi-a3-da-vetrina product_tag-tasche-led-per-messaggi-luminosi product_tag-tasche-luminose-per-messaggi has-post-thumbnail taxable shipping-taxable purchasable product-type-simple\">\r\n<div class=\"product-inner\">\r\n\t\r\n\t<div class=\"product-image\">\r\n\r\n\t\t<a  href=\"https:\/\/www.smartystore.it\/it\/prodotto\/porta-messaggi-con-3-tasche-a3-bifacciali-illuminate-a-led\/\" aria-label=\"Go to product page\">\r\n\t\t\t<div class=\"inner img-effect\"><img loading=\"lazy\" decoding=\"async\" width=\"300\" height=\"300\" src=\"https:\/\/www.smartystore.it\/v25\/wp-content\/uploads\/2017\/11\/Tasche-porta-messaggio-da-vetrina-illuminazione-led-3-tasche-A3-verticale-1-300x300.jpg\" class=\"attachment-woocommerce_thumbnail size-woocommerce_thumbnail\" alt=\"Porta-messaggi con 3 tasche A3 bifacciali illuminate a LED\" \/><img loading=\"lazy\" decoding=\"async\" width=\"300\" height=\"300\" src=\"https:\/\/www.smartystore.it\/v25\/wp-content\/uploads\/2017\/11\/Composizione-3-tasche-A3-verticale-disegno-tecnico-300x300.jpg\" class=\"hover-image\" alt=\"\" \/><\/div>\t\t<\/a>\r\n\t\t\t<\/div>\r\n\r\n\t<div class=\"product-content\">\r\n\t\t\r\n\t\t\t<a class=\"product-loop-title\"  href=\"https:\/\/www.smartystore.it\/it\/prodotto\/porta-messaggi-con-3-tasche-a3-bifacciali-illuminate-a-led\/\">\r\n\t<h3 class=\"woocommerce-loop-product__title\">Porta-messaggi con 3 tasche A3 bifacciali illuminate a LED<\/h3>\t<\/a>\r\n\t\r\n\t\t\r\n\r\n<div class=\"rating-wrap\">\r\n\t<div class=\"rating-content\"><div class=\"star-rating\" title=\"0\"><span style=\"width:0%\"><strong class=\"rating\">0<\/strong> Su 5<\/span><\/div><\/div>\r\n<\/div>\r\n\r\n\n\t<span class=\"price\"><span class=\"woocommerce-Price-amount amount\"><bdi><span class=\"woocommerce-Price-currencySymbol\">&euro;<\/span>311,60<\/bdi><\/span> <small class=\"woocommerce-price-suffix\">+ IVA<\/small><\/span>\n\r\n\t\t<div class=\"add-links-wrap\">\r\n\t<div class=\"add-links clearfix\">\r\n\t\t<a href=\"\/it\/wp-json\/wp\/v2\/posts\/68181?add-to-cart=43561\" aria-describedby=\"woocommerce_loop_add_to_cart_link_describedby_43561\" data-quantity=\"1\" class=\"viewcart-style-3 button product_type_simple add_to_cart_button ajax_add_to_cart\" data-product_id=\"43561\" data-product_sku=\"STR-TLED-COMP3\" aria-label=\"Aggiungi al carrello: &quot;Porta-messaggi con 3 tasche A3 bifacciali illuminate a LED&quot;\" rel=\"nofollow\" data-success_message=\"&quot;Porta-messaggi con 3 tasche A3 bifacciali illuminate a LED&quot; \u00e8 stato aggiunto al tuo carrello\" role=\"button\">Aggiungi al Carrello<\/a>\t\t<span id=\"woocommerce_loop_add_to_cart_link_describedby_43561\" class=\"screen-reader-text\">\r\n\t\t\t<\/span>\r\n\t\t\n<div\n\tclass=\"yith-wcwl-add-to-wishlist add-to-wishlist-43561 yith-wcwl-add-to-wishlist--link-style wishlist-fragment on-first-load\"\n\tdata-fragment-ref=\"43561\"\n\tdata-fragment-options=\"{&quot;base_url&quot;:&quot;&quot;,&quot;product_id&quot;:43561,&quot;parent_product_id&quot;:0,&quot;product_type&quot;:&quot;simple&quot;,&quot;is_single&quot;:false,&quot;in_default_wishlist&quot;:false,&quot;show_view&quot;:false,&quot;browse_wishlist_text&quot;:&quot;Vedi la lista&quot;,&quot;already_in_wishslist_text&quot;:&quot;Il prodotto \\u00e8 gi\\u00e0 nella tua lista!&quot;,&quot;product_added_text&quot;:&quot;Articolo aggiunto!&quot;,&quot;available_multi_wishlist&quot;:false,&quot;disable_wishlist&quot;:false,&quot;show_count&quot;:false,&quot;ajax_loading&quot;:false,&quot;loop_position&quot;:&quot;after_add_to_cart&quot;,&quot;item&quot;:&quot;add_to_wishlist&quot;}\"\n>\n\t\t\t\n\t\t\t<!-- ADD TO WISHLIST -->\n\t\t\t\n<div class=\"yith-wcwl-add-button\">\n\t\t<a\n\t\thref=\"?add_to_wishlist=43561&#038;_wpnonce=e05e62ca3e\"\n\t\tclass=\"add_to_wishlist single_add_to_wishlist\"\n\t\tdata-product-id=\"43561\"\n\t\tdata-product-type=\"simple\"\n\t\tdata-original-product-id=\"0\"\n\t\tdata-title=\"Aggiungi ai preferiti\"\n\t\trel=\"nofollow\"\n\t>\n\t\t<svg id=\"yith-wcwl-icon-heart-outline\" class=\"yith-wcwl-icon-svg\" fill=\"none\" stroke-width=\"1.5\" stroke=\"currentColor\" viewBox=\"0 0 24 24\" xmlns=\"http:\/\/www.w3.org\/2000\/svg\">\n  <path stroke-linecap=\"round\" stroke-linejoin=\"round\" d=\"M21 8.25c0-2.485-2.099-4.5-4.688-4.5-1.935 0-3.597 1.126-4.312 2.733-.715-1.607-2.377-2.733-4.313-2.733C5.1 3.75 3 5.765 3 8.25c0 7.22 9 12 9 12s9-4.78 9-12Z\"><\/path>\n<\/svg>\t\t<span>Aggiungi ai preferiti<\/span>\n\t<\/a>\n<\/div>\n\n\t\t\t<!-- COUNT TEXT -->\n\t\t\t\n\t\t\t<\/div>\n\t<\/div>\r\n\t<\/div>\r\n<span class=\"gtm4wp_productdata\" style=\"display:none; visibility:hidden;\" data-gtm4wp_product_data=\"{&quot;internal_id&quot;:43561,&quot;item_id&quot;:43561,&quot;item_name&quot;:&quot;Porta-messaggi con 3 tasche A3 bifacciali illuminate a LED&quot;,&quot;sku&quot;:&quot;STR-TLED-COMP3&quot;,&quot;price&quot;:311.6000000000000227373675443232059478759765625,&quot;stocklevel&quot;:1000,&quot;stockstatus&quot;:&quot;instock&quot;,&quot;google_business_vertical&quot;:&quot;retail&quot;,&quot;item_category&quot;:&quot;PORTA-MESSAGGI LUMINOSI&quot;,&quot;id&quot;:43561,&quot;productlink&quot;:&quot;https:\\\/\\\/www.smartystore.it\\\/it\\\/prodotto\\\/porta-messaggi-con-3-tasche-a3-bifacciali-illuminate-a-led\\\/&quot;,&quot;item_list_name&quot;:&quot;General Product List&quot;,&quot;index&quot;:5,&quot;product_type&quot;:&quot;simple&quot;,&quot;item_brand&quot;:&quot;&quot;}\"><\/span>\t<\/div>\r\n<\/div>\r\n\r\n<\/li>\r\n\r\n<li role=\"none\" class=\"product-col product-default product type-product post-43595 status-publish instock product_cat-porta-messaggi-luminosi product_tag-porta-messaggi-a4-bifacciali-luminosi-a-led product_tag-porta-messaggi-luminosi-a-cavetto product_tag-porta-messaggi-luminosi-da-vetrina product_tag-porta-messaggi-luminosi-led product_tag-tasche-a4-luminosa-da-vetrina product_tag-tasche-illuminate-per-messaggi-a4-da-vetrina product_tag-tasche-led-per-messaggi-luminosi product_tag-tasche-luminose-per-messaggi has-post-thumbnail taxable shipping-taxable purchasable product-type-simple\">\r\n<div class=\"product-inner\">\r\n\t\r\n\t<div class=\"product-image\">\r\n\r\n\t\t<a  href=\"https:\/\/www.smartystore.it\/it\/prodotto\/porta-messaggi-a-cavetto-con-tasche-bifacciali-illuminate-a-led-4-tasche-a4-vericale\/\" aria-label=\"Go to product page\">\r\n\t\t\t<div class=\"inner img-effect\"><img loading=\"lazy\" decoding=\"async\" width=\"300\" height=\"300\" src=\"https:\/\/www.smartystore.it\/v25\/wp-content\/uploads\/2017\/12\/Tasche-porta-messaggio-da-vetrina-illuminazione-led-4-tasche-A4-verticale-1-300x300.jpg\" class=\"attachment-woocommerce_thumbnail size-woocommerce_thumbnail\" alt=\"Porta-messaggi con 4 tasche A4 bifacciali illuminate\" \/><img loading=\"lazy\" decoding=\"async\" width=\"300\" height=\"300\" src=\"https:\/\/www.smartystore.it\/v25\/wp-content\/uploads\/2017\/12\/Composizione-4-tasche-A4-verticale-disegno-tecnico-300x300.jpg\" class=\"hover-image\" alt=\"\" \/><\/div>\t\t<\/a>\r\n\t\t\t<\/div>\r\n\r\n\t<div class=\"product-content\">\r\n\t\t\r\n\t\t\t<a class=\"product-loop-title\"  href=\"https:\/\/www.smartystore.it\/it\/prodotto\/porta-messaggi-a-cavetto-con-tasche-bifacciali-illuminate-a-led-4-tasche-a4-vericale\/\">\r\n\t<h3 class=\"woocommerce-loop-product__title\">Porta-messaggi con 4 tasche A4 bifacciali illuminate a LED<\/h3>\t<\/a>\r\n\t\r\n\t\t\r\n\r\n<div class=\"rating-wrap\">\r\n\t<div class=\"rating-content\"><div class=\"star-rating\" title=\"0\"><span style=\"width:0%\"><strong class=\"rating\">0<\/strong> Su 5<\/span><\/div><\/div>\r\n<\/div>\r\n\r\n\n\t<span class=\"price\"><span class=\"woocommerce-Price-amount amount\"><bdi><span class=\"woocommerce-Price-currencySymbol\">&euro;<\/span>325,00<\/bdi><\/span> <small class=\"woocommerce-price-suffix\">+ IVA<\/small><\/span>\n\r\n\t\t<div class=\"add-links-wrap\">\r\n\t<div class=\"add-links clearfix\">\r\n\t\t<a href=\"\/it\/wp-json\/wp\/v2\/posts\/68181?add-to-cart=43595\" aria-describedby=\"woocommerce_loop_add_to_cart_link_describedby_43595\" data-quantity=\"1\" class=\"viewcart-style-3 button product_type_simple add_to_cart_button ajax_add_to_cart\" data-product_id=\"43595\" data-product_sku=\"STR-TLED-COMP1\" aria-label=\"Aggiungi al carrello: &quot;Porta-messaggi con 4 tasche A4 bifacciali illuminate a LED&quot;\" rel=\"nofollow\" data-success_message=\"&quot;Porta-messaggi con 4 tasche A4 bifacciali illuminate a LED&quot; \u00e8 stato aggiunto al tuo carrello\" role=\"button\">Aggiungi al Carrello<\/a>\t\t<span id=\"woocommerce_loop_add_to_cart_link_describedby_43595\" class=\"screen-reader-text\">\r\n\t\t\t<\/span>\r\n\t\t\n<div\n\tclass=\"yith-wcwl-add-to-wishlist add-to-wishlist-43595 yith-wcwl-add-to-wishlist--link-style wishlist-fragment on-first-load\"\n\tdata-fragment-ref=\"43595\"\n\tdata-fragment-options=\"{&quot;base_url&quot;:&quot;&quot;,&quot;product_id&quot;:43595,&quot;parent_product_id&quot;:0,&quot;product_type&quot;:&quot;simple&quot;,&quot;is_single&quot;:false,&quot;in_default_wishlist&quot;:false,&quot;show_view&quot;:false,&quot;browse_wishlist_text&quot;:&quot;Vedi la lista&quot;,&quot;already_in_wishslist_text&quot;:&quot;Il prodotto \\u00e8 gi\\u00e0 nella tua lista!&quot;,&quot;product_added_text&quot;:&quot;Articolo aggiunto!&quot;,&quot;available_multi_wishlist&quot;:false,&quot;disable_wishlist&quot;:false,&quot;show_count&quot;:false,&quot;ajax_loading&quot;:false,&quot;loop_position&quot;:&quot;after_add_to_cart&quot;,&quot;item&quot;:&quot;add_to_wishlist&quot;}\"\n>\n\t\t\t\n\t\t\t<!-- ADD TO WISHLIST -->\n\t\t\t\n<div class=\"yith-wcwl-add-button\">\n\t\t<a\n\t\thref=\"?add_to_wishlist=43595&#038;_wpnonce=e05e62ca3e\"\n\t\tclass=\"add_to_wishlist single_add_to_wishlist\"\n\t\tdata-product-id=\"43595\"\n\t\tdata-product-type=\"simple\"\n\t\tdata-original-product-id=\"0\"\n\t\tdata-title=\"Aggiungi ai preferiti\"\n\t\trel=\"nofollow\"\n\t>\n\t\t<svg id=\"yith-wcwl-icon-heart-outline\" class=\"yith-wcwl-icon-svg\" fill=\"none\" stroke-width=\"1.5\" stroke=\"currentColor\" viewBox=\"0 0 24 24\" xmlns=\"http:\/\/www.w3.org\/2000\/svg\">\n  <path stroke-linecap=\"round\" stroke-linejoin=\"round\" d=\"M21 8.25c0-2.485-2.099-4.5-4.688-4.5-1.935 0-3.597 1.126-4.312 2.733-.715-1.607-2.377-2.733-4.313-2.733C5.1 3.75 3 5.765 3 8.25c0 7.22 9 12 9 12s9-4.78 9-12Z\"><\/path>\n<\/svg>\t\t<span>Aggiungi ai preferiti<\/span>\n\t<\/a>\n<\/div>\n\n\t\t\t<!-- COUNT TEXT -->\n\t\t\t\n\t\t\t<\/div>\n\t<\/div>\r\n\t<\/div>\r\n<span class=\"gtm4wp_productdata\" style=\"display:none; visibility:hidden;\" data-gtm4wp_product_data=\"{&quot;internal_id&quot;:43595,&quot;item_id&quot;:43595,&quot;item_name&quot;:&quot;Porta-messaggi con 4 tasche A4 bifacciali illuminate a LED&quot;,&quot;sku&quot;:&quot;STR-TLED-COMP1&quot;,&quot;price&quot;:325,&quot;stocklevel&quot;:999,&quot;stockstatus&quot;:&quot;instock&quot;,&quot;google_business_vertical&quot;:&quot;retail&quot;,&quot;item_category&quot;:&quot;PORTA-MESSAGGI LUMINOSI&quot;,&quot;id&quot;:43595,&quot;productlink&quot;:&quot;https:\\\/\\\/www.smartystore.it\\\/it\\\/prodotto\\\/porta-messaggi-a-cavetto-con-tasche-bifacciali-illuminate-a-led-4-tasche-a4-vericale\\\/&quot;,&quot;item_list_name&quot;:&quot;General Product List&quot;,&quot;index&quot;:6,&quot;product_type&quot;:&quot;simple&quot;,&quot;item_brand&quot;:&quot;&quot;}\"><\/span>\t<\/div>\r\n<\/div>\r\n\r\n<\/li>\r\n\r\n<li role=\"none\" class=\"product-col product-default product type-product post-43495 status-publish instock product_cat-porta-messaggi-luminosi product_tag-porta-messaggi-a3-bifacciali-luminosi-a-led product_tag-porta-messaggi-luminosi-a-cavetto product_tag-porta-messaggi-luminosi-da-vetrina product_tag-porta-messaggi-luminosi-led product_tag-tasche-a3-luminose-da-vetrina product_tag-tasche-illuminate-per-messaggi-a3-da-vetrina product_tag-tasche-led-per-messaggi-luminosi product_tag-tasche-luminose-per-messaggi has-post-thumbnail taxable shipping-taxable purchasable product-type-simple\">\r\n<div class=\"product-inner\">\r\n\t\r\n\t<div class=\"product-image\">\r\n\r\n\t\t<a  href=\"https:\/\/www.smartystore.it\/it\/prodotto\/porta-messaggi-con-6-tasche-a3-illuminate\/\" aria-label=\"Go to product page\">\r\n\t\t\t<div class=\"inner img-effect\"><img loading=\"lazy\" decoding=\"async\" width=\"300\" height=\"300\" src=\"https:\/\/www.smartystore.it\/v25\/wp-content\/uploads\/2017\/11\/Tasche-porta-messaggio-da-vetrina-illuminazione-led-6-tasche-A3-orizzontale-vetrina-1-300x300.jpg\" class=\"attachment-woocommerce_thumbnail size-woocommerce_thumbnail\" alt=\"porta-messaggi con 6 tasche A3 illuminate\" \/><img loading=\"lazy\" decoding=\"async\" width=\"300\" height=\"300\" src=\"https:\/\/www.smartystore.it\/v25\/wp-content\/uploads\/2017\/11\/Composizione-6-tasche-A3-orizzontale-disegno-tecnico-300x300.jpg\" class=\"hover-image\" alt=\"\" \/><\/div>\t\t<\/a>\r\n\t\t\t<\/div>\r\n\r\n\t<div class=\"product-content\">\r\n\t\t\r\n\t\t\t<a class=\"product-loop-title\"  href=\"https:\/\/www.smartystore.it\/it\/prodotto\/porta-messaggi-con-6-tasche-a3-illuminate\/\">\r\n\t<h3 class=\"woocommerce-loop-product__title\">Porta-messaggi con 6 tasche A3 illuminate a LED<\/h3>\t<\/a>\r\n\t\r\n\t\t\r\n\r\n<div class=\"rating-wrap\">\r\n\t<div class=\"rating-content\"><div class=\"star-rating\" title=\"0\"><span style=\"width:0%\"><strong class=\"rating\">0<\/strong> Su 5<\/span><\/div><\/div>\r\n<\/div>\r\n\r\n\n\t<span class=\"price\"><span class=\"woocommerce-Price-amount amount\"><bdi><span class=\"woocommerce-Price-currencySymbol\">&euro;<\/span>552,50<\/bdi><\/span> <small class=\"woocommerce-price-suffix\">+ IVA<\/small><\/span>\n\r\n\t\t<div class=\"add-links-wrap\">\r\n\t<div class=\"add-links clearfix\">\r\n\t\t<a href=\"\/it\/wp-json\/wp\/v2\/posts\/68181?add-to-cart=43495\" aria-describedby=\"woocommerce_loop_add_to_cart_link_describedby_43495\" data-quantity=\"1\" class=\"viewcart-style-3 button product_type_simple add_to_cart_button ajax_add_to_cart\" data-product_id=\"43495\" data-product_sku=\"STR-TLED-COMP4\" aria-label=\"Aggiungi al carrello: &quot;Porta-messaggi con 6 tasche A3 illuminate a LED&quot;\" rel=\"nofollow\" data-success_message=\"&quot;Porta-messaggi con 6 tasche A3 illuminate a LED&quot; \u00e8 stato aggiunto al tuo carrello\" role=\"button\">Aggiungi al Carrello<\/a>\t\t<span id=\"woocommerce_loop_add_to_cart_link_describedby_43495\" class=\"screen-reader-text\">\r\n\t\t\t<\/span>\r\n\t\t\n<div\n\tclass=\"yith-wcwl-add-to-wishlist add-to-wishlist-43495 yith-wcwl-add-to-wishlist--link-style wishlist-fragment on-first-load\"\n\tdata-fragment-ref=\"43495\"\n\tdata-fragment-options=\"{&quot;base_url&quot;:&quot;&quot;,&quot;product_id&quot;:43495,&quot;parent_product_id&quot;:0,&quot;product_type&quot;:&quot;simple&quot;,&quot;is_single&quot;:false,&quot;in_default_wishlist&quot;:false,&quot;show_view&quot;:false,&quot;browse_wishlist_text&quot;:&quot;Vedi la lista&quot;,&quot;already_in_wishslist_text&quot;:&quot;Il prodotto \\u00e8 gi\\u00e0 nella tua lista!&quot;,&quot;product_added_text&quot;:&quot;Articolo aggiunto!&quot;,&quot;available_multi_wishlist&quot;:false,&quot;disable_wishlist&quot;:false,&quot;show_count&quot;:false,&quot;ajax_loading&quot;:false,&quot;loop_position&quot;:&quot;after_add_to_cart&quot;,&quot;item&quot;:&quot;add_to_wishlist&quot;}\"\n>\n\t\t\t\n\t\t\t<!-- ADD TO WISHLIST -->\n\t\t\t\n<div class=\"yith-wcwl-add-button\">\n\t\t<a\n\t\thref=\"?add_to_wishlist=43495&#038;_wpnonce=e05e62ca3e\"\n\t\tclass=\"add_to_wishlist single_add_to_wishlist\"\n\t\tdata-product-id=\"43495\"\n\t\tdata-product-type=\"simple\"\n\t\tdata-original-product-id=\"0\"\n\t\tdata-title=\"Aggiungi ai preferiti\"\n\t\trel=\"nofollow\"\n\t>\n\t\t<svg id=\"yith-wcwl-icon-heart-outline\" class=\"yith-wcwl-icon-svg\" fill=\"none\" stroke-width=\"1.5\" stroke=\"currentColor\" viewBox=\"0 0 24 24\" xmlns=\"http:\/\/www.w3.org\/2000\/svg\">\n  <path stroke-linecap=\"round\" stroke-linejoin=\"round\" d=\"M21 8.25c0-2.485-2.099-4.5-4.688-4.5-1.935 0-3.597 1.126-4.312 2.733-.715-1.607-2.377-2.733-4.313-2.733C5.1 3.75 3 5.765 3 8.25c0 7.22 9 12 9 12s9-4.78 9-12Z\"><\/path>\n<\/svg>\t\t<span>Aggiungi ai preferiti<\/span>\n\t<\/a>\n<\/div>\n\n\t\t\t<!-- COUNT TEXT -->\n\t\t\t\n\t\t\t<\/div>\n\t<\/div>\r\n\t<\/div>\r\n<span class=\"gtm4wp_productdata\" style=\"display:none; visibility:hidden;\" data-gtm4wp_product_data=\"{&quot;internal_id&quot;:43495,&quot;item_id&quot;:43495,&quot;item_name&quot;:&quot;Porta-messaggi con 6 tasche A3 illuminate a LED&quot;,&quot;sku&quot;:&quot;STR-TLED-COMP4&quot;,&quot;price&quot;:552.5,&quot;stocklevel&quot;:999,&quot;stockstatus&quot;:&quot;instock&quot;,&quot;google_business_vertical&quot;:&quot;retail&quot;,&quot;item_category&quot;:&quot;PORTA-MESSAGGI LUMINOSI&quot;,&quot;id&quot;:43495,&quot;productlink&quot;:&quot;https:\\\/\\\/www.smartystore.it\\\/it\\\/prodotto\\\/porta-messaggi-con-6-tasche-a3-illuminate\\\/&quot;,&quot;item_list_name&quot;:&quot;General Product List&quot;,&quot;index&quot;:7,&quot;product_type&quot;:&quot;simple&quot;,&quot;item_brand&quot;:&quot;&quot;}\"><\/span>\t<\/div>\r\n<\/div>\r\n\r\n<\/li>\r\n\r\n<li role=\"none\" class=\"product-col product-default product type-product post-43675 status-publish last instock product_cat-porta-messaggi-luminosi product_tag-porta-messaggi-70x100-bifacciali-luminosi-a-led product_tag-porta-messaggi-luminosi-a-cavetto product_tag-porta-messaggi-luminosi-da-vetrina product_tag-porta-messaggi-luminosi-led product_tag-tasca-70x100-luminosa-da-vetrina product_tag-tasche-illuminate-per-messaggi-70x100-da-vetrina product_tag-tasche-led-per-messaggi-luminosi product_tag-tasche-luminose-per-messaggi has-post-thumbnail taxable shipping-taxable purchasable product-type-simple\">\r\n<div class=\"product-inner\">\r\n\t\r\n\t<div class=\"product-image\">\r\n\r\n\t\t<a  href=\"https:\/\/www.smartystore.it\/it\/prodotto\/porta-messaggi-con-tasca-bifacciale-luminosa-70x100\/\" aria-label=\"Go to product page\">\r\n\t\t\t<div class=\"inner img-effect\"><img loading=\"lazy\" decoding=\"async\" width=\"300\" height=\"300\" src=\"https:\/\/www.smartystore.it\/v25\/wp-content\/uploads\/2017\/12\/Tasche-porta-messaggio-da-vetrina-illuminazione-led-1-tasca-70x100-1-300x300.jpg\" class=\"attachment-woocommerce_thumbnail size-woocommerce_thumbnail\" alt=\"Porta-messaggi con tasca bifacciale luminosa 70x100\" \/><img loading=\"lazy\" decoding=\"async\" width=\"300\" height=\"300\" src=\"https:\/\/www.smartystore.it\/v25\/wp-content\/uploads\/2017\/12\/Composizione-1-tasca-70-x-100-verticale-disegno-tecnico-300x300.jpg\" class=\"hover-image\" alt=\"\" \/><\/div>\t\t<\/a>\r\n\t\t\t<\/div>\r\n\r\n\t<div class=\"product-content\">\r\n\t\t\r\n\t\t\t<a class=\"product-loop-title\"  href=\"https:\/\/www.smartystore.it\/it\/prodotto\/porta-messaggi-con-tasca-bifacciale-luminosa-70x100\/\">\r\n\t<h3 class=\"woocommerce-loop-product__title\">Porta-messaggi con tasca bifacciale luminosa 70&#215;100<\/h3>\t<\/a>\r\n\t\r\n\t\t\r\n\r\n<div class=\"rating-wrap\">\r\n\t<div class=\"rating-content\"><div class=\"star-rating\" title=\"0\"><span style=\"width:0%\"><strong class=\"rating\">0<\/strong> Su 5<\/span><\/div><\/div>\r\n<\/div>\r\n\r\n\n\t<span class=\"price\"><span class=\"woocommerce-Price-amount amount\"><bdi><span class=\"woocommerce-Price-currencySymbol\">&euro;<\/span>362,60<\/bdi><\/span> <small class=\"woocommerce-price-suffix\">+ IVA<\/small><\/span>\n\r\n\t\t<div class=\"add-links-wrap\">\r\n\t<div class=\"add-links clearfix\">\r\n\t\t<a href=\"\/it\/wp-json\/wp\/v2\/posts\/68181?add-to-cart=43675\" aria-describedby=\"woocommerce_loop_add_to_cart_link_describedby_43675\" data-quantity=\"1\" class=\"viewcart-style-3 button product_type_simple add_to_cart_button ajax_add_to_cart\" data-product_id=\"43675\" data-product_sku=\"STR-TLED-COMP7\" aria-label=\"Aggiungi al carrello: &quot;Porta-messaggi con tasca bifacciale luminosa 70x100&quot;\" rel=\"nofollow\" data-success_message=\"&quot;Porta-messaggi con tasca bifacciale luminosa 70x100&quot; \u00e8 stato aggiunto al tuo carrello\" role=\"button\">Aggiungi al Carrello<\/a>\t\t<span id=\"woocommerce_loop_add_to_cart_link_describedby_43675\" class=\"screen-reader-text\">\r\n\t\t\t<\/span>\r\n\t\t\n<div\n\tclass=\"yith-wcwl-add-to-wishlist add-to-wishlist-43675 yith-wcwl-add-to-wishlist--link-style wishlist-fragment on-first-load\"\n\tdata-fragment-ref=\"43675\"\n\tdata-fragment-options=\"{&quot;base_url&quot;:&quot;&quot;,&quot;product_id&quot;:43675,&quot;parent_product_id&quot;:0,&quot;product_type&quot;:&quot;simple&quot;,&quot;is_single&quot;:false,&quot;in_default_wishlist&quot;:false,&quot;show_view&quot;:false,&quot;browse_wishlist_text&quot;:&quot;Vedi la lista&quot;,&quot;already_in_wishslist_text&quot;:&quot;Il prodotto \\u00e8 gi\\u00e0 nella tua lista!&quot;,&quot;product_added_text&quot;:&quot;Articolo aggiunto!&quot;,&quot;available_multi_wishlist&quot;:false,&quot;disable_wishlist&quot;:false,&quot;show_count&quot;:false,&quot;ajax_loading&quot;:false,&quot;loop_position&quot;:&quot;after_add_to_cart&quot;,&quot;item&quot;:&quot;add_to_wishlist&quot;}\"\n>\n\t\t\t\n\t\t\t<!-- ADD TO WISHLIST -->\n\t\t\t\n<div class=\"yith-wcwl-add-button\">\n\t\t<a\n\t\thref=\"?add_to_wishlist=43675&#038;_wpnonce=e05e62ca3e\"\n\t\tclass=\"add_to_wishlist single_add_to_wishlist\"\n\t\tdata-product-id=\"43675\"\n\t\tdata-product-type=\"simple\"\n\t\tdata-original-product-id=\"0\"\n\t\tdata-title=\"Aggiungi ai preferiti\"\n\t\trel=\"nofollow\"\n\t>\n\t\t<svg id=\"yith-wcwl-icon-heart-outline\" class=\"yith-wcwl-icon-svg\" fill=\"none\" stroke-width=\"1.5\" stroke=\"currentColor\" viewBox=\"0 0 24 24\" xmlns=\"http:\/\/www.w3.org\/2000\/svg\">\n  <path stroke-linecap=\"round\" stroke-linejoin=\"round\" d=\"M21 8.25c0-2.485-2.099-4.5-4.688-4.5-1.935 0-3.597 1.126-4.312 2.733-.715-1.607-2.377-2.733-4.313-2.733C5.1 3.75 3 5.765 3 8.25c0 7.22 9 12 9 12s9-4.78 9-12Z\"><\/path>\n<\/svg>\t\t<span>Aggiungi ai preferiti<\/span>\n\t<\/a>\n<\/div>\n\n\t\t\t<!-- COUNT TEXT -->\n\t\t\t\n\t\t\t<\/div>\n\t<\/div>\r\n\t<\/div>\r\n<span class=\"gtm4wp_productdata\" style=\"display:none; visibility:hidden;\" data-gtm4wp_product_data=\"{&quot;internal_id&quot;:43675,&quot;item_id&quot;:43675,&quot;item_name&quot;:&quot;Porta-messaggi con tasca bifacciale luminosa 70x100&quot;,&quot;sku&quot;:&quot;STR-TLED-COMP7&quot;,&quot;price&quot;:362.6000000000000227373675443232059478759765625,&quot;stocklevel&quot;:94,&quot;stockstatus&quot;:&quot;instock&quot;,&quot;google_business_vertical&quot;:&quot;retail&quot;,&quot;item_category&quot;:&quot;PORTA-MESSAGGI LUMINOSI&quot;,&quot;id&quot;:43675,&quot;productlink&quot;:&quot;https:\\\/\\\/www.smartystore.it\\\/it\\\/prodotto\\\/porta-messaggi-con-tasca-bifacciale-luminosa-70x100\\\/&quot;,&quot;item_list_name&quot;:&quot;General Product List&quot;,&quot;index&quot;:8,&quot;product_type&quot;:&quot;simple&quot;,&quot;item_brand&quot;:&quot;&quot;}\"><\/span>\t<\/div>\r\n<\/div>\r\n\r\n<\/li>\r\n<\/ul>\r\n<\/div>[\/vc_column][\/vc_row][vc_row][vc_column][vc_column_text]<\/p>\n<h2>L&#8217;interno dell&#8217;agenzia<\/h2>\n<p>Qualsiasi siano gli spazi dell&#8217;<strong>agenzia immobiliare<\/strong> occorre organizzare come esporre i cataloghi e i documenti a disposizione.<\/p>\n<h3>Ecco le nostre soluzioni<\/h3>\n<p>Se non si vogliono fare fori sul soffitto, possiamo utilizzare un espositore a piantana con tasche portamessaggi<\/p>\n<p>&nbsp;<\/p>\n<h3><\/h3>\n<p>[\/vc_column_text][\/vc_column][\/vc_row][vc_row][vc_column]<div class=\"woocommerce \"><ul class=\"products products-container grid has-ccols has-ccols-spacing ccols-xl-4 ccols-lg-3 ccols-md-3 ccols-sm-2 ccols-1 pwidth-lg-4 pwidth-md-3 pwidth-xs-2 pwidth-ls-1 is-shortcode\"\r\n\t data-product_layout=\"product-default\" role=\"none\">\r\n\r\n<li role=\"none\" class=\"product-col product-default product type-product post-33457 status-publish first outofstock product_cat-presentoirs-publicitaires product_cat-presentoirs-publicitaires-fr product_cat-presentoirs-publicitaires-au-sol has-post-thumbnail taxable shipping-taxable purchasable product-type-simple\">\r\n<div class=\"product-inner\">\r\n\t\r\n\t<div class=\"product-image\">\r\n\r\n\t\t<a  href=\"https:\/\/www.smartystore.it\/it\/prodotto\/espositore-pubblicitario-portamessaggi-18-tasche-a4\/\" aria-label=\"Go to product page\">\r\n\t\t\t<div class=\"stock out-of-stock\">Esaurito<\/div><div class=\"inner img-effect\"><img loading=\"lazy\" decoding=\"async\" width=\"300\" height=\"300\" src=\"https:\/\/www.smartystore.it\/v25\/wp-content\/uploads\/2014\/03\/Espositore-pubblicitario-da-pavimento-con-18-tasche-porta-messaggi-in-plexy-trasparente-per-avvisi-A4-verticale-300x300.jpg\" class=\"attachment-woocommerce_thumbnail size-woocommerce_thumbnail\" alt=\"Espositore pubblicitario portamessaggi 18 tasche A4\" \/><img loading=\"lazy\" decoding=\"async\" width=\"300\" height=\"300\" src=\"https:\/\/www.smartystore.it\/v25\/wp-content\/uploads\/2014\/03\/Espositore-pubblicitario-da-pavimento-con-18-tasche-porta-messaggi-in-plexy-trasparente-per-avvisi-A4-verticale-ambientato-300x300.jpg\" class=\"hover-image\" alt=\"\" \/><\/div>\t\t<\/a>\r\n\t\t\t<\/div>\r\n\r\n\t<div class=\"product-content\">\r\n\t\t\r\n\t\t\t<a class=\"product-loop-title\"  href=\"https:\/\/www.smartystore.it\/it\/prodotto\/espositore-pubblicitario-portamessaggi-18-tasche-a4\/\">\r\n\t<h3 class=\"woocommerce-loop-product__title\">Espositore pubblicitario portamessaggi 18 tasche A4<\/h3>\t<\/a>\r\n\t\r\n\t\t\r\n\r\n<div class=\"rating-wrap\">\r\n\t<div class=\"rating-content\"><div class=\"star-rating\" title=\"0\"><span style=\"width:0%\"><strong class=\"rating\">0<\/strong> Su 5<\/span><\/div><\/div>\r\n<\/div>\r\n\r\n\n\t<span class=\"price\"><span class=\"woocommerce-Price-amount amount\"><bdi><span class=\"woocommerce-Price-currencySymbol\">&euro;<\/span>378,00<\/bdi><\/span> <small class=\"woocommerce-price-suffix\">+ IVA<\/small><\/span>\n\r\n\t\t<div class=\"add-links-wrap\">\r\n\t<div class=\"add-links clearfix\">\r\n\t\t<a href=\"https:\/\/www.smartystore.it\/it\/prodotto\/espositore-pubblicitario-portamessaggi-18-tasche-a4\/\" aria-describedby=\"woocommerce_loop_add_to_cart_link_describedby_33457\" data-quantity=\"1\" class=\"viewcart-style-3 button product_type_simple add_to_cart_read_more\" data-product_id=\"33457\" data-product_sku=\"STR-ALMA030\" aria-label=\"Leggi di pi\u00f9 su &quot;Espositore pubblicitario portamessaggi 18 tasche A4&quot;\" rel=\"nofollow\" data-success_message=\"\">Leggi tutto<\/a>\t\t<span id=\"woocommerce_loop_add_to_cart_link_describedby_33457\" class=\"screen-reader-text\">\r\n\t\t\t<\/span>\r\n\t\t\n<div\n\tclass=\"yith-wcwl-add-to-wishlist add-to-wishlist-33457 yith-wcwl-add-to-wishlist--link-style wishlist-fragment on-first-load\"\n\tdata-fragment-ref=\"33457\"\n\tdata-fragment-options=\"{&quot;base_url&quot;:&quot;&quot;,&quot;product_id&quot;:33457,&quot;parent_product_id&quot;:0,&quot;product_type&quot;:&quot;simple&quot;,&quot;is_single&quot;:false,&quot;in_default_wishlist&quot;:false,&quot;show_view&quot;:false,&quot;browse_wishlist_text&quot;:&quot;Vedi la lista&quot;,&quot;already_in_wishslist_text&quot;:&quot;Il prodotto \\u00e8 gi\\u00e0 nella tua lista!&quot;,&quot;product_added_text&quot;:&quot;Articolo aggiunto!&quot;,&quot;available_multi_wishlist&quot;:false,&quot;disable_wishlist&quot;:false,&quot;show_count&quot;:false,&quot;ajax_loading&quot;:false,&quot;loop_position&quot;:&quot;after_add_to_cart&quot;,&quot;item&quot;:&quot;add_to_wishlist&quot;}\"\n>\n\t\t\t\n\t\t\t<!-- ADD TO WISHLIST -->\n\t\t\t\n<div class=\"yith-wcwl-add-button\">\n\t\t<a\n\t\thref=\"?add_to_wishlist=33457&#038;_wpnonce=e05e62ca3e\"\n\t\tclass=\"add_to_wishlist single_add_to_wishlist\"\n\t\tdata-product-id=\"33457\"\n\t\tdata-product-type=\"simple\"\n\t\tdata-original-product-id=\"0\"\n\t\tdata-title=\"Aggiungi ai preferiti\"\n\t\trel=\"nofollow\"\n\t>\n\t\t<svg id=\"yith-wcwl-icon-heart-outline\" class=\"yith-wcwl-icon-svg\" fill=\"none\" stroke-width=\"1.5\" stroke=\"currentColor\" viewBox=\"0 0 24 24\" xmlns=\"http:\/\/www.w3.org\/2000\/svg\">\n  <path stroke-linecap=\"round\" stroke-linejoin=\"round\" d=\"M21 8.25c0-2.485-2.099-4.5-4.688-4.5-1.935 0-3.597 1.126-4.312 2.733-.715-1.607-2.377-2.733-4.313-2.733C5.1 3.75 3 5.765 3 8.25c0 7.22 9 12 9 12s9-4.78 9-12Z\"><\/path>\n<\/svg>\t\t<span>Aggiungi ai preferiti<\/span>\n\t<\/a>\n<\/div>\n\n\t\t\t<!-- COUNT TEXT -->\n\t\t\t\n\t\t\t<\/div>\n\t<\/div>\r\n\t<\/div>\r\n<span class=\"gtm4wp_productdata\" style=\"display:none; visibility:hidden;\" data-gtm4wp_product_data=\"{&quot;internal_id&quot;:33457,&quot;item_id&quot;:33457,&quot;item_name&quot;:&quot;Espositore pubblicitario portamessaggi 18 tasche A4&quot;,&quot;sku&quot;:&quot;STR-ALMA030&quot;,&quot;price&quot;:378,&quot;stocklevel&quot;:0,&quot;stockstatus&quot;:&quot;outofstock&quot;,&quot;google_business_vertical&quot;:&quot;retail&quot;,&quot;item_category&quot;:&quot;Espositori Pubblicitari da Terra&quot;,&quot;id&quot;:33457,&quot;productlink&quot;:&quot;https:\\\/\\\/www.smartystore.it\\\/it\\\/prodotto\\\/espositore-pubblicitario-portamessaggi-18-tasche-a4\\\/&quot;,&quot;item_list_name&quot;:&quot;General Product List&quot;,&quot;index&quot;:1,&quot;product_type&quot;:&quot;simple&quot;,&quot;item_brand&quot;:&quot;&quot;}\"><\/span>\t<\/div>\r\n<\/div>\r\n\r\n<\/li>\r\n<\/ul>\r\n<\/div>[\/vc_column][\/vc_row][vc_row][vc_column][vc_column_text]In alternativa \u00e8 possibile utilizzare un espositore facilmente spostabile, su ruote, con tasche porta messaggi in A4 o in A3[\/vc_column_text]<div class=\"woocommerce \"><ul class=\"products products-container grid has-ccols has-ccols-spacing ccols-xl-4 ccols-lg-3 ccols-md-3 ccols-sm-2 ccols-1 pwidth-lg-4 pwidth-md-3 pwidth-xs-2 pwidth-ls-1 is-shortcode\"\r\n\t data-product_layout=\"product-default\" role=\"none\">\r\n\r\n<li role=\"none\" class=\"product-col product-default product type-product post-39811 status-publish first instock product_cat-presentoirs-publicitaires-fr product_cat-presentoirs-publicitaires product_cat-presentoirs-publicitaires-au-sol has-post-thumbnail taxable shipping-taxable purchasable product-type-simple\">\r\n<div class=\"product-inner\">\r\n\t\r\n\t<div class=\"product-image\">\r\n\r\n\t\t<a  href=\"https:\/\/www.smartystore.it\/it\/prodotto\/espositore-pubblicitario-su-ruote-16-tasche-a3-orizzontali\/\" aria-label=\"Go to product page\">\r\n\t\t\t<div class=\"inner img-effect\"><img loading=\"lazy\" decoding=\"async\" width=\"300\" height=\"300\" src=\"https:\/\/www.smartystore.it\/v25\/wp-content\/uploads\/2015\/06\/Espositore-pubblicitario-su-ruote-16-tasche-A3-orizzontali-WHL006-300x300.jpg\" class=\"attachment-woocommerce_thumbnail size-woocommerce_thumbnail\" alt=\"Espositore pubblicitario su ruote 16 tasche A3 orizzontali\" \/><img loading=\"lazy\" decoding=\"async\" width=\"300\" height=\"300\" src=\"https:\/\/www.smartystore.it\/v25\/wp-content\/uploads\/2014\/04\/Espositore-pubblicitario-su-ruote-attacco-tasche-dettaglio-2-300x300.jpg\" class=\"hover-image\" alt=\"\" \/><\/div>\t\t<\/a>\r\n\t\t\t<\/div>\r\n\r\n\t<div class=\"product-content\">\r\n\t\t\r\n\t\t\t<a class=\"product-loop-title\"  href=\"https:\/\/www.smartystore.it\/it\/prodotto\/espositore-pubblicitario-su-ruote-16-tasche-a3-orizzontali\/\">\r\n\t<h3 class=\"woocommerce-loop-product__title\">Espositore pubblicitario su ruote 16 tasche A3 orizzontali<\/h3>\t<\/a>\r\n\t\r\n\t\t\r\n\r\n<div class=\"rating-wrap\">\r\n\t<div class=\"rating-content\"><div class=\"star-rating\" title=\"0\"><span style=\"width:0%\"><strong class=\"rating\">0<\/strong> Su 5<\/span><\/div><\/div>\r\n<\/div>\r\n\r\n\n\t<span class=\"price\"><span class=\"woocommerce-Price-amount amount\"><bdi><span class=\"woocommerce-Price-currencySymbol\">&euro;<\/span>494,30<\/bdi><\/span> <small class=\"woocommerce-price-suffix\">+ IVA<\/small><\/span>\n\r\n\t\t<div class=\"add-links-wrap\">\r\n\t<div class=\"add-links clearfix\">\r\n\t\t<a href=\"\/it\/wp-json\/wp\/v2\/posts\/68181?add-to-cart=39811\" aria-describedby=\"woocommerce_loop_add_to_cart_link_describedby_39811\" data-quantity=\"1\" class=\"viewcart-style-3 button product_type_simple add_to_cart_button ajax_add_to_cart\" data-product_id=\"39811\" data-product_sku=\"STR-WHL006\" aria-label=\"Aggiungi al carrello: &quot;Espositore pubblicitario su ruote 16 tasche A3 orizzontali&quot;\" rel=\"nofollow\" data-success_message=\"&quot;Espositore pubblicitario su ruote 16 tasche A3 orizzontali&quot; \u00e8 stato aggiunto al tuo carrello\" role=\"button\">Aggiungi al Carrello<\/a>\t\t<span id=\"woocommerce_loop_add_to_cart_link_describedby_39811\" class=\"screen-reader-text\">\r\n\t\t\t<\/span>\r\n\t\t\n<div\n\tclass=\"yith-wcwl-add-to-wishlist add-to-wishlist-39811 yith-wcwl-add-to-wishlist--link-style wishlist-fragment on-first-load\"\n\tdata-fragment-ref=\"39811\"\n\tdata-fragment-options=\"{&quot;base_url&quot;:&quot;&quot;,&quot;product_id&quot;:39811,&quot;parent_product_id&quot;:0,&quot;product_type&quot;:&quot;simple&quot;,&quot;is_single&quot;:false,&quot;in_default_wishlist&quot;:false,&quot;show_view&quot;:false,&quot;browse_wishlist_text&quot;:&quot;Vedi la lista&quot;,&quot;already_in_wishslist_text&quot;:&quot;Il prodotto \\u00e8 gi\\u00e0 nella tua lista!&quot;,&quot;product_added_text&quot;:&quot;Articolo aggiunto!&quot;,&quot;available_multi_wishlist&quot;:false,&quot;disable_wishlist&quot;:false,&quot;show_count&quot;:false,&quot;ajax_loading&quot;:false,&quot;loop_position&quot;:&quot;after_add_to_cart&quot;,&quot;item&quot;:&quot;add_to_wishlist&quot;}\"\n>\n\t\t\t\n\t\t\t<!-- ADD TO WISHLIST -->\n\t\t\t\n<div class=\"yith-wcwl-add-button\">\n\t\t<a\n\t\thref=\"?add_to_wishlist=39811&#038;_wpnonce=e05e62ca3e\"\n\t\tclass=\"add_to_wishlist single_add_to_wishlist\"\n\t\tdata-product-id=\"39811\"\n\t\tdata-product-type=\"simple\"\n\t\tdata-original-product-id=\"0\"\n\t\tdata-title=\"Aggiungi ai preferiti\"\n\t\trel=\"nofollow\"\n\t>\n\t\t<svg id=\"yith-wcwl-icon-heart-outline\" class=\"yith-wcwl-icon-svg\" fill=\"none\" stroke-width=\"1.5\" stroke=\"currentColor\" viewBox=\"0 0 24 24\" xmlns=\"http:\/\/www.w3.org\/2000\/svg\">\n  <path stroke-linecap=\"round\" stroke-linejoin=\"round\" d=\"M21 8.25c0-2.485-2.099-4.5-4.688-4.5-1.935 0-3.597 1.126-4.312 2.733-.715-1.607-2.377-2.733-4.313-2.733C5.1 3.75 3 5.765 3 8.25c0 7.22 9 12 9 12s9-4.78 9-12Z\"><\/path>\n<\/svg>\t\t<span>Aggiungi ai preferiti<\/span>\n\t<\/a>\n<\/div>\n\n\t\t\t<!-- COUNT TEXT -->\n\t\t\t\n\t\t\t<\/div>\n\t<\/div>\r\n\t<\/div>\r\n<span class=\"gtm4wp_productdata\" style=\"display:none; visibility:hidden;\" data-gtm4wp_product_data=\"{&quot;internal_id&quot;:39811,&quot;item_id&quot;:39811,&quot;item_name&quot;:&quot;Espositore pubblicitario su ruote 16 tasche A3 orizzontali&quot;,&quot;sku&quot;:&quot;STR-WHL006&quot;,&quot;price&quot;:494.30000000000001136868377216160297393798828125,&quot;stocklevel&quot;:1000,&quot;stockstatus&quot;:&quot;instock&quot;,&quot;google_business_vertical&quot;:&quot;retail&quot;,&quot;item_category&quot;:&quot;Espositori Pubblicitari da Terra&quot;,&quot;id&quot;:39811,&quot;productlink&quot;:&quot;https:\\\/\\\/www.smartystore.it\\\/it\\\/prodotto\\\/espositore-pubblicitario-su-ruote-16-tasche-a3-orizzontali\\\/&quot;,&quot;item_list_name&quot;:&quot;General Product List&quot;,&quot;index&quot;:1,&quot;product_type&quot;:&quot;simple&quot;,&quot;item_brand&quot;:&quot;&quot;}\"><\/span>\t<\/div>\r\n<\/div>\r\n\r\n<\/li>\r\n<\/ul>\r\n<\/div>[\/vc_column][\/vc_row]<\/p>\n<\/div>","protected":false},"excerpt":{"rendered":"<p>[vc_row][vc_column][vc_column_text]L\u2019arredamento \u00e8 un elemento che pu\u00f2 influire sulle vendite del tuo negozio?\u00a0La risposta \u00e8 scontata, anche se troppo spesso sottovalutata. Cos\u00ec come la bravura del venditore e le qualit\u00e0 del prodotto o servizio, anche la location dove avviene la trattativa pesa in misura determinante sull&#8217;esito della contrattazione. Ecco perch\u00e9 \u00e8 importante chiedersi: come devo arredare [&hellip;]<\/p>\n","protected":false},"author":10800,"featured_media":68405,"comment_status":"closed","ping_status":"closed","sticky":false,"template":"","format":"standard","meta":{"_acf_changed":false,"footnotes":""},"categories":[2796,2278],"tags":[],"class_list":["post-68181","post","type-post","status-publish","format-standard","has-post-thumbnail","hentry","category-arredamento","category-news"],"featured_image_src":{"landsacpe":["https:\/\/www.smartystore.it\/v25\/wp-content\/uploads\/2021\/02\/Negozio-1-500x445.jpg",500,445,true],"list":["https:\/\/www.smartystore.it\/v25\/wp-content\/uploads\/2021\/02\/Negozio-1-463x348.jpg",463,348,true],"medium":["https:\/\/www.smartystore.it\/v25\/wp-content\/uploads\/2021\/02\/Negozio-1-300x300.jpg",300,300,true],"full":["https:\/\/www.smartystore.it\/v25\/wp-content\/uploads\/2021\/02\/Negozio-1.jpg",500,500,false]},"acf":[],"yoast_head":"<!-- This site is optimized with the Yoast SEO plugin v27.4 - https:\/\/yoast.com\/product\/yoast-seo-wordpress\/ -->\n<title>Come arredare la tua agenzia immobiliare - Smarty Store<\/title>\n<meta name=\"robots\" content=\"index, follow, max-snippet:-1, max-image-preview:large, max-video-preview:-1\" \/>\n<link rel=\"canonical\" href=\"https:\/\/www.smartystore.it\/it\/come-arredare-la-tua-agenzia-immobiliare\/\" \/>\n<meta property=\"og:locale\" content=\"it_IT\" \/>\n<meta property=\"og:type\" content=\"article\" \/>\n<meta property=\"og:title\" content=\"Come arredare la tua agenzia immobiliare - Smarty Store\" \/>\n<meta property=\"og:description\" content=\"[vc_row][vc_column][vc_column_text]L\u2019arredamento \u00e8 un elemento che pu\u00f2 influire sulle vendite del tuo negozio?\u00a0La risposta \u00e8 scontata, anche se troppo spesso sottovalutata. Cos\u00ec come la bravura del venditore e le qualit\u00e0 del prodotto o servizio, anche la location dove avviene la trattativa pesa in misura determinante sull&#8217;esito della contrattazione. Ecco perch\u00e9 \u00e8 importante chiedersi: come devo arredare [&hellip;]\" \/>\n<meta property=\"og:url\" content=\"https:\/\/www.smartystore.it\/it\/come-arredare-la-tua-agenzia-immobiliare\/\" \/>\n<meta property=\"og:site_name\" content=\"Smarty Store\" \/>\n<meta property=\"article:published_time\" content=\"2021-02-25T14:58:48+00:00\" \/>\n<meta property=\"article:modified_time\" content=\"2023-06-19T07:44:29+00:00\" \/>\n<meta property=\"og:image\" content=\"https:\/\/www.smartystore.it\/v25\/wp-content\/uploads\/2021\/02\/Negozio-1.jpg\" \/>\n\t<meta property=\"og:image:width\" content=\"500\" \/>\n\t<meta property=\"og:image:height\" content=\"500\" \/>\n\t<meta property=\"og:image:type\" content=\"image\/jpeg\" \/>\n<meta name=\"author\" content=\"smartystore.it\" \/>\n<meta name=\"twitter:card\" content=\"summary_large_image\" \/>\n<meta name=\"twitter:label1\" content=\"Scritto da\" \/>\n\t<meta name=\"twitter:data1\" content=\"smartystore.it\" \/>\n\t<meta name=\"twitter:label2\" content=\"Tempo di lettura stimato\" \/>\n\t<meta name=\"twitter:data2\" content=\"1 minuto\" \/>\n<script type=\"application\/ld+json\" class=\"yoast-schema-graph\">{\"@context\":\"https:\\\/\\\/schema.org\",\"@graph\":[{\"@type\":\"Article\",\"@id\":\"https:\\\/\\\/www.smartystore.it\\\/it\\\/come-arredare-la-tua-agenzia-immobiliare\\\/#article\",\"isPartOf\":{\"@id\":\"https:\\\/\\\/www.smartystore.it\\\/it\\\/come-arredare-la-tua-agenzia-immobiliare\\\/\"},\"author\":{\"name\":\"smartystore.it\",\"@id\":\"https:\\\/\\\/www.smartystore.it\\\/it\\\/#\\\/schema\\\/person\\\/bf85d9c9ab304d8e7feeebf3a05c136a\"},\"headline\":\"Come arredare la tua agenzia immobiliare\",\"datePublished\":\"2021-02-25T14:58:48+00:00\",\"dateModified\":\"2023-06-19T07:44:29+00:00\",\"mainEntityOfPage\":{\"@id\":\"https:\\\/\\\/www.smartystore.it\\\/it\\\/come-arredare-la-tua-agenzia-immobiliare\\\/\"},\"wordCount\":255,\"image\":{\"@id\":\"https:\\\/\\\/www.smartystore.it\\\/it\\\/come-arredare-la-tua-agenzia-immobiliare\\\/#primaryimage\"},\"thumbnailUrl\":\"https:\\\/\\\/www.smartystore.it\\\/v25\\\/wp-content\\\/uploads\\\/2021\\\/02\\\/Negozio-1.jpg\",\"articleSection\":[\"Arredamento\",\"News\"],\"inLanguage\":\"it-IT\"},{\"@type\":\"WebPage\",\"@id\":\"https:\\\/\\\/www.smartystore.it\\\/it\\\/come-arredare-la-tua-agenzia-immobiliare\\\/\",\"url\":\"https:\\\/\\\/www.smartystore.it\\\/it\\\/come-arredare-la-tua-agenzia-immobiliare\\\/\",\"name\":\"Come arredare la tua agenzia immobiliare - Smarty Store\",\"isPartOf\":{\"@id\":\"https:\\\/\\\/www.smartystore.it\\\/it\\\/#website\"},\"primaryImageOfPage\":{\"@id\":\"https:\\\/\\\/www.smartystore.it\\\/it\\\/come-arredare-la-tua-agenzia-immobiliare\\\/#primaryimage\"},\"image\":{\"@id\":\"https:\\\/\\\/www.smartystore.it\\\/it\\\/come-arredare-la-tua-agenzia-immobiliare\\\/#primaryimage\"},\"thumbnailUrl\":\"https:\\\/\\\/www.smartystore.it\\\/v25\\\/wp-content\\\/uploads\\\/2021\\\/02\\\/Negozio-1.jpg\",\"datePublished\":\"2021-02-25T14:58:48+00:00\",\"dateModified\":\"2023-06-19T07:44:29+00:00\",\"author\":{\"@id\":\"https:\\\/\\\/www.smartystore.it\\\/it\\\/#\\\/schema\\\/person\\\/bf85d9c9ab304d8e7feeebf3a05c136a\"},\"breadcrumb\":{\"@id\":\"https:\\\/\\\/www.smartystore.it\\\/it\\\/come-arredare-la-tua-agenzia-immobiliare\\\/#breadcrumb\"},\"inLanguage\":\"it-IT\",\"potentialAction\":[{\"@type\":\"ReadAction\",\"target\":[\"https:\\\/\\\/www.smartystore.it\\\/it\\\/come-arredare-la-tua-agenzia-immobiliare\\\/\"]}]},{\"@type\":\"ImageObject\",\"inLanguage\":\"it-IT\",\"@id\":\"https:\\\/\\\/www.smartystore.it\\\/it\\\/come-arredare-la-tua-agenzia-immobiliare\\\/#primaryimage\",\"url\":\"https:\\\/\\\/www.smartystore.it\\\/v25\\\/wp-content\\\/uploads\\\/2021\\\/02\\\/Negozio-1.jpg\",\"contentUrl\":\"https:\\\/\\\/www.smartystore.it\\\/v25\\\/wp-content\\\/uploads\\\/2021\\\/02\\\/Negozio-1.jpg\",\"width\":500,\"height\":500},{\"@type\":\"BreadcrumbList\",\"@id\":\"https:\\\/\\\/www.smartystore.it\\\/it\\\/come-arredare-la-tua-agenzia-immobiliare\\\/#breadcrumb\",\"itemListElement\":[{\"@type\":\"ListItem\",\"position\":1,\"name\":\"Home\",\"item\":\"https:\\\/\\\/www.smartystore.it\\\/it\\\/\"},{\"@type\":\"ListItem\",\"position\":2,\"name\":\"Come arredare la tua agenzia immobiliare\"}]},{\"@type\":\"WebSite\",\"@id\":\"https:\\\/\\\/www.smartystore.it\\\/it\\\/#website\",\"url\":\"https:\\\/\\\/www.smartystore.it\\\/it\\\/\",\"name\":\"Smarty Store\",\"description\":\"\",\"potentialAction\":[{\"@type\":\"SearchAction\",\"target\":{\"@type\":\"EntryPoint\",\"urlTemplate\":\"https:\\\/\\\/www.smartystore.it\\\/it\\\/?s={search_term_string}\"},\"query-input\":{\"@type\":\"PropertyValueSpecification\",\"valueRequired\":true,\"valueName\":\"search_term_string\"}}],\"inLanguage\":\"it-IT\"},{\"@type\":\"Person\",\"@id\":\"https:\\\/\\\/www.smartystore.it\\\/it\\\/#\\\/schema\\\/person\\\/bf85d9c9ab304d8e7feeebf3a05c136a\",\"name\":\"smartystore.it\",\"image\":{\"@type\":\"ImageObject\",\"inLanguage\":\"it-IT\",\"@id\":\"https:\\\/\\\/www.smartystore.it\\\/v25\\\/wp-content\\\/litespeed\\\/avatar\\\/8ac9a399215f21183bfc0baa24e3fe94.jpg?ver=1777185909\",\"url\":\"https:\\\/\\\/www.smartystore.it\\\/v25\\\/wp-content\\\/litespeed\\\/avatar\\\/8ac9a399215f21183bfc0baa24e3fe94.jpg?ver=1777185909\",\"contentUrl\":\"https:\\\/\\\/www.smartystore.it\\\/v25\\\/wp-content\\\/litespeed\\\/avatar\\\/8ac9a399215f21183bfc0baa24e3fe94.jpg?ver=1777185909\",\"caption\":\"smartystore.it\"},\"description\":\"Smarty Store\",\"url\":\"https:\\\/\\\/www.smartystore.it\\\/it\\\/author\\\/smartystore-it\\\/\"}]}<\/script>\n<!-- \/ Yoast SEO plugin. -->","yoast_head_json":{"title":"Come arredare la tua agenzia immobiliare - Smarty Store","robots":{"index":"index","follow":"follow","max-snippet":"max-snippet:-1","max-image-preview":"max-image-preview:large","max-video-preview":"max-video-preview:-1"},"canonical":"https:\/\/www.smartystore.it\/it\/come-arredare-la-tua-agenzia-immobiliare\/","og_locale":"it_IT","og_type":"article","og_title":"Come arredare la tua agenzia immobiliare - Smarty Store","og_description":"[vc_row][vc_column][vc_column_text]L\u2019arredamento \u00e8 un elemento che pu\u00f2 influire sulle vendite del tuo negozio?\u00a0La risposta \u00e8 scontata, anche se troppo spesso sottovalutata. Cos\u00ec come la bravura del venditore e le qualit\u00e0 del prodotto o servizio, anche la location dove avviene la trattativa pesa in misura determinante sull&#8217;esito della contrattazione. Ecco perch\u00e9 \u00e8 importante chiedersi: come devo arredare [&hellip;]","og_url":"https:\/\/www.smartystore.it\/it\/come-arredare-la-tua-agenzia-immobiliare\/","og_site_name":"Smarty Store","article_published_time":"2021-02-25T14:58:48+00:00","article_modified_time":"2023-06-19T07:44:29+00:00","og_image":[{"width":500,"height":500,"url":"https:\/\/www.smartystore.it\/v25\/wp-content\/uploads\/2021\/02\/Negozio-1.jpg","type":"image\/jpeg"}],"author":"smartystore.it","twitter_card":"summary_large_image","twitter_misc":{"Scritto da":"smartystore.it","Tempo di lettura stimato":"1 minuto"},"schema":{"@context":"https:\/\/schema.org","@graph":[{"@type":"Article","@id":"https:\/\/www.smartystore.it\/it\/come-arredare-la-tua-agenzia-immobiliare\/#article","isPartOf":{"@id":"https:\/\/www.smartystore.it\/it\/come-arredare-la-tua-agenzia-immobiliare\/"},"author":{"name":"smartystore.it","@id":"https:\/\/www.smartystore.it\/it\/#\/schema\/person\/bf85d9c9ab304d8e7feeebf3a05c136a"},"headline":"Come arredare la tua agenzia immobiliare","datePublished":"2021-02-25T14:58:48+00:00","dateModified":"2023-06-19T07:44:29+00:00","mainEntityOfPage":{"@id":"https:\/\/www.smartystore.it\/it\/come-arredare-la-tua-agenzia-immobiliare\/"},"wordCount":255,"image":{"@id":"https:\/\/www.smartystore.it\/it\/come-arredare-la-tua-agenzia-immobiliare\/#primaryimage"},"thumbnailUrl":"https:\/\/www.smartystore.it\/v25\/wp-content\/uploads\/2021\/02\/Negozio-1.jpg","articleSection":["Arredamento","News"],"inLanguage":"it-IT"},{"@type":"WebPage","@id":"https:\/\/www.smartystore.it\/it\/come-arredare-la-tua-agenzia-immobiliare\/","url":"https:\/\/www.smartystore.it\/it\/come-arredare-la-tua-agenzia-immobiliare\/","name":"Come arredare la tua agenzia immobiliare - Smarty Store","isPartOf":{"@id":"https:\/\/www.smartystore.it\/it\/#website"},"primaryImageOfPage":{"@id":"https:\/\/www.smartystore.it\/it\/come-arredare-la-tua-agenzia-immobiliare\/#primaryimage"},"image":{"@id":"https:\/\/www.smartystore.it\/it\/come-arredare-la-tua-agenzia-immobiliare\/#primaryimage"},"thumbnailUrl":"https:\/\/www.smartystore.it\/v25\/wp-content\/uploads\/2021\/02\/Negozio-1.jpg","datePublished":"2021-02-25T14:58:48+00:00","dateModified":"2023-06-19T07:44:29+00:00","author":{"@id":"https:\/\/www.smartystore.it\/it\/#\/schema\/person\/bf85d9c9ab304d8e7feeebf3a05c136a"},"breadcrumb":{"@id":"https:\/\/www.smartystore.it\/it\/come-arredare-la-tua-agenzia-immobiliare\/#breadcrumb"},"inLanguage":"it-IT","potentialAction":[{"@type":"ReadAction","target":["https:\/\/www.smartystore.it\/it\/come-arredare-la-tua-agenzia-immobiliare\/"]}]},{"@type":"ImageObject","inLanguage":"it-IT","@id":"https:\/\/www.smartystore.it\/it\/come-arredare-la-tua-agenzia-immobiliare\/#primaryimage","url":"https:\/\/www.smartystore.it\/v25\/wp-content\/uploads\/2021\/02\/Negozio-1.jpg","contentUrl":"https:\/\/www.smartystore.it\/v25\/wp-content\/uploads\/2021\/02\/Negozio-1.jpg","width":500,"height":500},{"@type":"BreadcrumbList","@id":"https:\/\/www.smartystore.it\/it\/come-arredare-la-tua-agenzia-immobiliare\/#breadcrumb","itemListElement":[{"@type":"ListItem","position":1,"name":"Home","item":"https:\/\/www.smartystore.it\/it\/"},{"@type":"ListItem","position":2,"name":"Come arredare la tua agenzia immobiliare"}]},{"@type":"WebSite","@id":"https:\/\/www.smartystore.it\/it\/#website","url":"https:\/\/www.smartystore.it\/it\/","name":"Smarty Store","description":"","potentialAction":[{"@type":"SearchAction","target":{"@type":"EntryPoint","urlTemplate":"https:\/\/www.smartystore.it\/it\/?s={search_term_string}"},"query-input":{"@type":"PropertyValueSpecification","valueRequired":true,"valueName":"search_term_string"}}],"inLanguage":"it-IT"},{"@type":"Person","@id":"https:\/\/www.smartystore.it\/it\/#\/schema\/person\/bf85d9c9ab304d8e7feeebf3a05c136a","name":"smartystore.it","image":{"@type":"ImageObject","inLanguage":"it-IT","@id":"https:\/\/www.smartystore.it\/v25\/wp-content\/litespeed\/avatar\/8ac9a399215f21183bfc0baa24e3fe94.jpg?ver=1777185909","url":"https:\/\/www.smartystore.it\/v25\/wp-content\/litespeed\/avatar\/8ac9a399215f21183bfc0baa24e3fe94.jpg?ver=1777185909","contentUrl":"https:\/\/www.smartystore.it\/v25\/wp-content\/litespeed\/avatar\/8ac9a399215f21183bfc0baa24e3fe94.jpg?ver=1777185909","caption":"smartystore.it"},"description":"Smarty Store","url":"https:\/\/www.smartystore.it\/it\/author\/smartystore-it\/"}]}},"_links":{"self":[{"href":"https:\/\/www.smartystore.it\/it\/wp-json\/wp\/v2\/posts\/68181","targetHints":{"allow":["GET"]}}],"collection":[{"href":"https:\/\/www.smartystore.it\/it\/wp-json\/wp\/v2\/posts"}],"about":[{"href":"https:\/\/www.smartystore.it\/it\/wp-json\/wp\/v2\/types\/post"}],"author":[{"embeddable":true,"href":"https:\/\/www.smartystore.it\/it\/wp-json\/wp\/v2\/users\/10800"}],"replies":[{"embeddable":true,"href":"https:\/\/www.smartystore.it\/it\/wp-json\/wp\/v2\/comments?post=68181"}],"version-history":[{"count":16,"href":"https:\/\/www.smartystore.it\/it\/wp-json\/wp\/v2\/posts\/68181\/revisions"}],"predecessor-version":[{"id":68403,"href":"https:\/\/www.smartystore.it\/it\/wp-json\/wp\/v2\/posts\/68181\/revisions\/68403"}],"wp:featuredmedia":[{"embeddable":true,"href":"https:\/\/www.smartystore.it\/it\/wp-json\/wp\/v2\/media\/68405"}],"wp:attachment":[{"href":"https:\/\/www.smartystore.it\/it\/wp-json\/wp\/v2\/media?parent=68181"}],"wp:term":[{"taxonomy":"category","embeddable":true,"href":"https:\/\/www.smartystore.it\/it\/wp-json\/wp\/v2\/categories?post=68181"},{"taxonomy":"post_tag","embeddable":true,"href":"https:\/\/www.smartystore.it\/it\/wp-json\/wp\/v2\/tags?post=68181"}],"curies":[{"name":"wp","href":"https:\/\/api.w.org\/{rel}","templated":true}]}}